{"id":3702,"date":"2016-08-10T20:45:20","date_gmt":"2016-08-10T23:45:20","guid":{"rendered":"http:\/\/2015.defensoriaformosa.gob.ar\/?p=3702"},"modified":"2016-08-10T20:45:20","modified_gmt":"2016-08-10T23:45:20","slug":"la-defensoria-del-pueblo-a-traves-de-la-resolucion-no-33016-insto-al-secretario-de-comunicacion-publica-y-al-jefe-de-gabinete-de-ministros-a-que-dejen-sin-efecto-la-resolucion-no-166-que-viola-el-de","status":"publish","type":"post","link":"https:\/\/defensoriaformosa.gob.ar\/?p=3702","title":{"rendered":"LA DEFENSORIA DEL PUEBLO A TRAVES DE LA RESOLUCION N\u00ba 330\/16 INSTO AL SECRETARIO DE COMUNICACI\u00d3N PUBLICA Y AL JEFE DE GABINETE DE MINISTROS, A QUE DEJEN SIN EFECTO LA RESOLUCION N\u00ba 166 QUE VIOLA EL DERECHO A LA INTIMIDAD DE LOS CIUDADANOS ARGENTINOS"},"content":{"rendered":"<p style=\"text-align: justify;\"><strong>Desde la -Direcci\u00f3n de Derechos Humanos y Grupos Minoritarios, Discriminaci\u00f3n, Xenofobia, Trata de Personas, Discapacidad- , de la Defensor\u00eda del Pueblo de la Provincia de Formosa,\u00a0 se dict\u00f3 la Resoluci\u00f3n N\u00ba 330\/16 y que \u00a0en su parte Resolutiva determina:<\/strong><\/p>\n<p style=\"text-align: justify;\"><!--more--><\/p>\n<p style=\"text-align: justify;\"><strong>Articulo 1\u00ba<\/strong> Instar al Secretario de Comunicaci\u00f3n Publica de la Naci\u00f3n, Sr. Jorge Grecco y al Jefe de Gabinete de Ministros, Marcos Pe\u00f1a, a que adopten en forma urgente todas las medidas administrativas y gestiones necesarias que tengan por objetivo rever la Resoluci\u00f3n N\u00ba 166- E-2016 a fin de que se garantice la confidencialidad de los datos personales de los ciudadanos argentinos.<\/p>\n<p style=\"text-align: justify;\"><strong>Articulo 2<\/strong>\u00a0 Solicitar a los mismos funcionarios\u00a0 a la adaptaci\u00f3n de toda norma o Resoluci\u00f3n dictada a los Convenios Internacionales\u00a0 y a los Pactos suscriptos por la Naci\u00f3n Argentina, en resguardo de los Derechos Humanos y Constitucionales fundamentales de todas las personas.<\/p>\n<p style=\"text-align: justify;\">Por \u00faltimo en el <strong>Articulo 3\u00ba<\/strong> se determina Solicitar a quienes dictaron la mencionada Resoluci\u00f3n la aplicaci\u00f3n en cuanto a la difusi\u00f3n o trasmisi\u00f3n de los datos personales\u00a0 de los principios fundamentales de la protecci\u00f3n de las personas a saber: Principio de Limitaci\u00f3n de Objetivos, Proporcionalidad y Calidad, Trasparencia y Principio de Seguridad.<\/p>\n<p style=\"text-align: justify;\">El Ombudsman Provincial, Dr. Jos\u00e9 Leonardo Gialluca, expreso que el tr\u00e1fico de los datos personales incide sobre uno de los tributos m\u00e1s importante de la persona humana, su derecho a la intimidad y como l\u00f3gica proyecci\u00f3n de esta de la confidencialidad y la reserva de bienes personales. Por lo tanto, toda actividad relacionada con la trasmisi\u00f3n de estos datos cuya protecci\u00f3n dimana de la Ley N\u00ba 25.326, no puede constituir en s\u00ed misma una violaci\u00f3n\u00a0 a la intimidad de las personas, m\u00e1xime cuando pueden multiplicarse las lesiones de los derechos que integran el mismo a trav\u00e9s de la utilizaci\u00f3n econ\u00f3mica de dichos datos.<\/p>\n<p style=\"text-align: justify;\">Ello sucede pues la Resoluci\u00f3n N\u00ba 166- E\/2016 suscripta por el periodista Jorge Grecco, no merito los riesgos que se derivan de la posibilidad de que los datos personales puedan ser consultados desde cualquier parte del mundo sin controles eficaces. Pues la globalizaci\u00f3n y la incorporaci\u00f3n de tecnolog\u00edas que permite a cualquier ciudadano conocer y dar a conocer datos que integran su estatus personal, no permite ignorar a quienes exigen el respeto a resguardar su intimidad y su derecho a la vida privada y a su honor, pues toda norma o resoluci\u00f3n que pretende beneficiar no puede perder de vista el sistema de garant\u00edas y contrapesos con aquellas normas de igual o superior jerarqu\u00eda que se contraponen y que merecen protecci\u00f3n, en particular de las libertades individuales las que deben prevalecer ante posible ataques a la privacidad e intimidad de las personas evitando la indefensi\u00f3n de los individuos ante informaciones aparentemente inocuas . Por ello la dignidad de la persona humana y sus protecciones y el desarrollo pleno de su personalidad obligan a los organismos del Estado Nacional a proveer lo necesario para su protecci\u00f3n.<\/p>\n","protected":false},"excerpt":{"rendered":"<p>Desde la -Direcci\u00f3n de Derechos Humanos y Grupos Minoritarios, Discriminaci\u00f3n, Xenofobia, Trata de Personas, Discapacidad- , de la Defensor\u00eda del Pueblo de la Provincia de Formosa,\u00a0 se dict\u00f3 la Resoluci\u00f3n N\u00ba 330\/16 y que \u00a0en su parte Resolutiva determina:<\/p>\n","protected":false},"author":1,"featured_media":2577,"comment_status":"closed","ping_status":"closed","sticky":false,"template":"","format":"standard","meta":{"footnotes":""},"categories":[1],"tags":[],"class_list":["post-3702","post","type-post","status-publish","format-standard","has-post-thumbnail","hentry","category-noticias"],"_links":{"self":[{"href":"https:\/\/defensoriaformosa.gob.ar\/index.php?rest_route=\/wp\/v2\/posts\/3702","targetHints":{"allow":["GET"]}}],"collection":[{"href":"https:\/\/defensoriaformosa.gob.ar\/index.php?rest_route=\/wp\/v2\/posts"}],"about":[{"href":"https:\/\/defensoriaformosa.gob.ar\/index.php?rest_route=\/wp\/v2\/types\/post"}],"author":[{"embeddable":true,"href":"https:\/\/defensoriaformosa.gob.ar\/index.php?rest_route=\/wp\/v2\/users\/1"}],"replies":[{"embeddable":true,"href":"https:\/\/defensoriaformosa.gob.ar\/index.php?rest_route=%2Fwp%2Fv2%2Fcomments&post=3702"}],"version-history":[{"count":1,"href":"https:\/\/defensoriaformosa.gob.ar\/index.php?rest_route=\/wp\/v2\/posts\/3702\/revisions"}],"predecessor-version":[{"id":3703,"href":"https:\/\/defensoriaformosa.gob.ar\/index.php?rest_route=\/wp\/v2\/posts\/3702\/revisions\/3703"}],"wp:featuredmedia":[{"embeddable":true,"href":"https:\/\/defensoriaformosa.gob.ar\/index.php?rest_route=\/wp\/v2\/media\/2577"}],"wp:attachment":[{"href":"https:\/\/defensoriaformosa.gob.ar\/index.php?rest_route=%2Fwp%2Fv2%2Fmedia&parent=3702"}],"wp:term":[{"taxonomy":"category","embeddable":true,"href":"https:\/\/defensoriaformosa.gob.ar\/index.php?rest_route=%2Fwp%2Fv2%2Fcategories&post=3702"},{"taxonomy":"post_tag","embeddable":true,"href":"https:\/\/defensoriaformosa.gob.ar\/index.php?rest_route=%2Fwp%2Fv2%2Ftags&post=3702"}],"curies":[{"name":"wp","href":"https:\/\/api.w.org\/{rel}","templated":true}]}}