{"id":3700,"date":"2016-08-10T20:41:09","date_gmt":"2016-08-10T23:41:09","guid":{"rendered":"http:\/\/2015.defensoriaformosa.gob.ar\/?p=3700"},"modified":"2016-08-10T20:41:09","modified_gmt":"2016-08-10T23:41:09","slug":"nueva-reunion-de-adpra-abordara-tarifazo-energetico-y-funcionamiento-de-los-observatorios-electorales-entre-otros-puntos","status":"publish","type":"post","link":"https:\/\/defensoriaformosa.gob.ar\/?p=3700","title":{"rendered":"NUEVA REUNION DE ADPRA, ABORDARA TARIFAZO ENERGETICO Y FUNCIONAMIENTO DE LOS OBSERVATORIOS ELECTORALES ENTRE OTROS PUNTOS"},"content":{"rendered":"<p style=\"text-align: justify;\"><strong>En el d\u00eda de hoy\u00a0 el Ombudsman Provincial estar\u00e1 presente, en el II Plenario Anual de Defensores del Pueblo de la Republica Argentina y que se llevara a cabo en la Ciudad de Corrientes y donde sobresalen los siguientes puntos a tratarse, el aumento en las Tarifas del Servicio de Energ\u00eda y Gas y donde con seguridad, se firmara un fuerte pronunciamiento de todas las Defensor\u00edas del Pueblo del Pa\u00eds, contra el Gobierno Nacional de Mauricio Macri para que llame a Audiencias P\u00fablicas y cese con la judicializaci\u00f3n abusiva de las pol\u00edticas p\u00fablicas que debe definir el Poder Ejecutivo Nacional.<\/strong><\/p>\n<p style=\"text-align: justify;\"><!--more--><\/p>\n<p style=\"text-align: justify;\">Por otro lado el Defensor del Pueblo informo que tambi\u00e9n los Observatorios Electorales que funcionan en el \u00e1mbito de las Defensor\u00edas del Pueblo, analizaran el Proyecto Oficialista de Reforma Electoral tendiente a aplicar entre otros puntos, el voto electr\u00f3nico en el a\u00f1o 2017.<\/p>\n<p style=\"text-align: justify;\">Gialluca anticipo que, Institucionalmente entendemos que existe por parte del Se\u00f1or Presidente y de su Gabinete un innecesario apresuramiento sobre el particular toda vez que el voto electr\u00f3nico lo utilizan\u00a0 solamente 8\u00a0 pa\u00edses del mundo de los 197 reconocidos por la ONU.\u00a0 En Brasil es el \u00fanico pa\u00eds de Latinoam\u00e9rica que funciona con \u00e9xito pero se inicio el proceso del voto electr\u00f3nico all\u00e1 por el a\u00f1o 1995 y reci\u00e9n en el a\u00f1o 2002, se pudo implementar la \u201curna biom\u00e9trica\u201d que es totalmente diferente a lo que se pretende hacer en nuestro pa\u00eds. En el a\u00f1o 2009 Alemania declaro la inconstitucionalidad del voto electr\u00f3nico y Venezuela lo utiliza desde el a\u00f1o 2013 con serias irregularidades.<\/p>\n<p style=\"text-align: justify;\">Por ello, coincidimos con la C\u00e1mara Electoral Nacional \u00a0que sali\u00f3 a referirse al tema y recomendaron \u00abno dar saltos al vac\u00edo en materia electoral\u00bb. Evidentemente, saben que la implementaci\u00f3n de este sistema de sufragio a nivel nacional representa un peligro.<\/p>\n<p style=\"text-align: justify;\">Fue el propio Presidente de la CNE, Alberto Dalla V\u00eda, quien advirti\u00f3 sobre este tema y dijo que se debe instrumentar de forma \u00abgradual\u00bb.<\/p>\n<p style=\"text-align: justify;\">Della V\u00eda se\u00f1al\u00f3 que \u00abuna auditor\u00eda requiere varios meses, recursos humanos y econ\u00f3micos para llevarla adelante\u00bb, sobre este sistema que el macrismo quiere imponer para las elecciones legislativas del pr\u00f3ximo a\u00f1o.<\/p>\n<p style=\"text-align: justify;\">\u00abPara nosotros, la boleta electr\u00f3nica es s\u00f3lo un instrumento. Los valores a preservar son la seguridad, la certeza y el secreto del voto. La celeridad (en el recuento) bienvenida sea, pero no es un valor democr\u00e1tico fundamental\u00bb. El camarista cuestion\u00f3 que el oficialismo preserve en la \u00f3rbita del Gobierno Nacional el manejo del escrutinio provisional. Y lo hizo en el marco de un Seminario Internacional llamado \u00abPor una reforma electoral basada en el ciudadano\u00bb<\/p>\n<p style=\"text-align: justify;\">La conclusi\u00f3n general de la postura de los disertantes fue que el sistema de voto electr\u00f3nico deber\u00eda aplicarse de manera gradual y progresiva, pero el oficialismo planea emitir dictamen el martes pr\u00f3ximo y llevar el tema al recinto antes de fin de mes, siendo que la Justicia sobresey\u00f3 al inform\u00e1tico que hab\u00eda advertido sobre la vulnerabilidad del sistema impuesto por el PRO en la ciudad, justo antes de las \u00faltimas elecciones porte\u00f1as y si a esto,\u00a0 lo asociamos a otras medidas tomadas &#8212; como los aumentos tarifarios, ser\u00e1 ahora el turno de la Democracia , la que se pondr\u00eda en riesgo.<\/p>\n","protected":false},"excerpt":{"rendered":"<p>En el d\u00eda de hoy\u00a0 el Ombudsman Provincial estar\u00e1 presente, en el II Plenario Anual de Defensores del Pueblo de la Republica Argentina y que se llevara a cabo en la Ciudad de Corrientes y donde sobresalen los siguientes puntos a tratarse, el aumento en las Tarifas del Servicio de Energ\u00eda y Gas y donde [&hellip;]<\/p>\n","protected":false},"author":1,"featured_media":2023,"comment_status":"closed","ping_status":"closed","sticky":false,"template":"","format":"standard","meta":{"footnotes":""},"categories":[1],"tags":[],"class_list":["post-3700","post","type-post","status-publish","format-standard","has-post-thumbnail","hentry","category-noticias"],"_links":{"self":[{"href":"https:\/\/defensoriaformosa.gob.ar\/index.php?rest_route=\/wp\/v2\/posts\/3700","targetHints":{"allow":["GET"]}}],"collection":[{"href":"https:\/\/defensoriaformosa.gob.ar\/index.php?rest_route=\/wp\/v2\/posts"}],"about":[{"href":"https:\/\/defensoriaformosa.gob.ar\/index.php?rest_route=\/wp\/v2\/types\/post"}],"author":[{"embeddable":true,"href":"https:\/\/defensoriaformosa.gob.ar\/index.php?rest_route=\/wp\/v2\/users\/1"}],"replies":[{"embeddable":true,"href":"https:\/\/defensoriaformosa.gob.ar\/index.php?rest_route=%2Fwp%2Fv2%2Fcomments&post=3700"}],"version-history":[{"count":1,"href":"https:\/\/defensoriaformosa.gob.ar\/index.php?rest_route=\/wp\/v2\/posts\/3700\/revisions"}],"predecessor-version":[{"id":3701,"href":"https:\/\/defensoriaformosa.gob.ar\/index.php?rest_route=\/wp\/v2\/posts\/3700\/revisions\/3701"}],"wp:featuredmedia":[{"embeddable":true,"href":"https:\/\/defensoriaformosa.gob.ar\/index.php?rest_route=\/wp\/v2\/media\/2023"}],"wp:attachment":[{"href":"https:\/\/defensoriaformosa.gob.ar\/index.php?rest_route=%2Fwp%2Fv2%2Fmedia&parent=3700"}],"wp:term":[{"taxonomy":"category","embeddable":true,"href":"https:\/\/defensoriaformosa.gob.ar\/index.php?rest_route=%2Fwp%2Fv2%2Fcategories&post=3700"},{"taxonomy":"post_tag","embeddable":true,"href":"https:\/\/defensoriaformosa.gob.ar\/index.php?rest_route=%2Fwp%2Fv2%2Ftags&post=3700"}],"curies":[{"name":"wp","href":"https:\/\/api.w.org\/{rel}","templated":true}]}}