{"id":3693,"date":"2016-08-09T16:49:41","date_gmt":"2016-08-09T19:49:41","guid":{"rendered":"http:\/\/2015.defensoriaformosa.gob.ar\/?p=3693"},"modified":"2016-08-09T16:49:41","modified_gmt":"2016-08-09T19:49:41","slug":"afirmaron-desde-la-defensoria-del-pueblo-que-las-audiencias-informativas-ad-hoc-a-las-que-llamo-el-gobierno-nacional-no-cumplen-con-los-requisitos-que-exigen-la-constitucion-nacion","status":"publish","type":"post","link":"https:\/\/defensoriaformosa.gob.ar\/?p=3693","title":{"rendered":"AFIRMARON DESDE LA DEFENSORIA DEL PUEBLO  QUE LAS \u201cAUDIENCIAS INFORMATIVAS AD HOC\u201d A LAS QUE LLAMO EL GOBIERNO NACIONAL, NO CUMPLEN CON LOS REQUISITOS QUE EXIGEN LA CONSTITUCION NACIONAL Y LAS LEYES VIGENTES"},"content":{"rendered":"<p style=\"text-align: justify;\"><strong>La &#8211; Direcci\u00f3n de Servicios P\u00fablicos, Prestaciones, Bienes y Servicios-, de la Defensor\u00eda del Pueblo de la Provincia de Formosa, afirmo que la nueva propuesta del Gobierno Nacional de Mauricio Macri,\u00a0 de llamar a \u201cAudiencias Informativas y no Publicas\u201d, no solamente le impiden el legitimo derecho de participaci\u00f3n a los usuarios, sino que nuevamente\u00a0 se violenta nuestra Constituci\u00f3n Nacional y se abre as\u00ed la posibilidad de una mayor judicializaci\u00f3n al tema del tarifazo energ\u00e9tico y de gas.<\/strong><\/p>\n<p style=\"text-align: justify;\"><!--more--><\/p>\n<p style=\"text-align: justify;\">El Ombudsman Provincial, Dr. Jos\u00e9 Leonardo Gialluca, denuncio que el Estado Nacional, continua incumpliendo con sus obligaciones y por ello las Audiencias a las que llamara el Ministro de Energ\u00eda y Miner\u00eda, Juan Jos\u00e9 Aranguren, pretende\u00a0 \u201cretocar las irregularidades ante la justicia , pero generara mayor confusi\u00f3n, pues estas \u201cAudiencias Informativas ad hoc\u201d para explicar el estado del sector energ\u00e9tico y argumentar porque se decidi\u00f3 aumentar las tarifas de luz y gas en forma tan dr\u00e1stica, insistiendo de que no es necesaria una Audiencia P\u00fablica, e intentando conformar a la Corte Suprema,\u00a0 no es lo que estamos pidiendo como Representantes de todos los usuarios y consumidores de Formosa.<\/p>\n<p style=\"text-align: justify;\">Gialluca se\u00f1alo que, se tienen que hacer las Audiencias P\u00fablicas, no solamente para cumplir con la Constituci\u00f3n y con las Leyes dictadas en consecuencia, sino que no se puede estar \u201ccondicionando a la Justicia; manifestando que ser\u00eda muy grave que se falle contra los aumentos de tarifa porque se necesitar\u00edan 22 millones de pesos para reponer subsidios o que el propio Ministro de Justicia y Derechos Humanos de Naci\u00f3n, Germ\u00e1n Garavano, afirme que hay tribunales que pretenden gobernar y marcar la pol\u00edtica energ\u00e9tica. Pareciera que este funcionario no conoce o lo m\u00e1s preocupante es que no le interesa, la divisi\u00f3n de poderes , \u201cpues ha exhortado a la Corte Suprema de Justicia,\u00a0 a que ordene algunas cosas \u2026\u201d, cuando las pol\u00edticas p\u00fablicas , son impuestas, planificadas, desarrolladas e instrumentadas siempre por el Poder Ejecutivo, quien en este caso ha decidido trasladarle a la Justicia una tarea que no es de su competencia y los que sufren las consecuencias, somos los usuarios, pues cada d\u00eda que pasa se profundiza a\u00fan m\u00e1s la incertidumbre acerca de que se debe pagar y que deben cobrar las distribuidoras o cual es el cuadro tarifario\u00a0 que est\u00e1 vigente .<\/p>\n","protected":false},"excerpt":{"rendered":"<p>La &#8211; Direcci\u00f3n de Servicios P\u00fablicos, Prestaciones, Bienes y Servicios-, de la Defensor\u00eda del Pueblo de la Provincia de Formosa, afirmo que la nueva propuesta del Gobierno Nacional de Mauricio Macri,\u00a0 de llamar a \u201cAudiencias Informativas y no Publicas\u201d, no solamente le impiden el legitimo derecho de participaci\u00f3n a los usuarios, sino que nuevamente\u00a0 se [&hellip;]<\/p>\n","protected":false},"author":1,"featured_media":2577,"comment_status":"closed","ping_status":"closed","sticky":false,"template":"","format":"standard","meta":{"footnotes":""},"categories":[1],"tags":[],"class_list":["post-3693","post","type-post","status-publish","format-standard","has-post-thumbnail","hentry","category-noticias"],"_links":{"self":[{"href":"https:\/\/defensoriaformosa.gob.ar\/index.php?rest_route=\/wp\/v2\/posts\/3693","targetHints":{"allow":["GET"]}}],"collection":[{"href":"https:\/\/defensoriaformosa.gob.ar\/index.php?rest_route=\/wp\/v2\/posts"}],"about":[{"href":"https:\/\/defensoriaformosa.gob.ar\/index.php?rest_route=\/wp\/v2\/types\/post"}],"author":[{"embeddable":true,"href":"https:\/\/defensoriaformosa.gob.ar\/index.php?rest_route=\/wp\/v2\/users\/1"}],"replies":[{"embeddable":true,"href":"https:\/\/defensoriaformosa.gob.ar\/index.php?rest_route=%2Fwp%2Fv2%2Fcomments&post=3693"}],"version-history":[{"count":1,"href":"https:\/\/defensoriaformosa.gob.ar\/index.php?rest_route=\/wp\/v2\/posts\/3693\/revisions"}],"predecessor-version":[{"id":3694,"href":"https:\/\/defensoriaformosa.gob.ar\/index.php?rest_route=\/wp\/v2\/posts\/3693\/revisions\/3694"}],"wp:featuredmedia":[{"embeddable":true,"href":"https:\/\/defensoriaformosa.gob.ar\/index.php?rest_route=\/wp\/v2\/media\/2577"}],"wp:attachment":[{"href":"https:\/\/defensoriaformosa.gob.ar\/index.php?rest_route=%2Fwp%2Fv2%2Fmedia&parent=3693"}],"wp:term":[{"taxonomy":"category","embeddable":true,"href":"https:\/\/defensoriaformosa.gob.ar\/index.php?rest_route=%2Fwp%2Fv2%2Fcategories&post=3693"},{"taxonomy":"post_tag","embeddable":true,"href":"https:\/\/defensoriaformosa.gob.ar\/index.php?rest_route=%2Fwp%2Fv2%2Ftags&post=3693"}],"curies":[{"name":"wp","href":"https:\/\/api.w.org\/{rel}","templated":true}]}}