{"id":3684,"date":"2016-08-08T16:41:25","date_gmt":"2016-08-08T19:41:25","guid":{"rendered":"http:\/\/2015.defensoriaformosa.gob.ar\/?p=3684"},"modified":"2016-08-08T16:41:25","modified_gmt":"2016-08-08T19:41:25","slug":"insto-la-defensoria-al-actual-ministro-de-comunicaciones-para-que-no-autorice-nuevos-aumentos-en-la-telefonia-celular","status":"publish","type":"post","link":"https:\/\/defensoriaformosa.gob.ar\/?p=3684","title":{"rendered":"INSTO LA DEFENSORIA AL ACTUAL MINISTRO DE COMUNICACIONES PARA QUE NO AUTORICE NUEVOS AUMENTOS EN LA TELEFONIA CELULAR"},"content":{"rendered":"<p style=\"text-align: justify;\"><strong>La -Direcci\u00f3n de Servicios P\u00fablicos, Prestaciones, Bienes y Servicios-, de la Defensor\u00eda del Pueblo de la Provincia de Formosa, lo inst\u00f3 al Ministro de Comunicaci\u00f3n, Oscar Aguad a que no autorice a las prestatarias de la telefon\u00eda celular a nuevos aumentos en este servicio que si bien, por ahora , en lo que hace a precios es un sector \u201cdesregulado\u201d, no puede el Estado Nacional , no ejercer su Poder de Polic\u00eda y Fiscalizaci\u00f3n a favor de los usuarios que adem\u00e1s, \u201cse nos brinda un servicio malo, cada d\u00eda mas caro y el Congreso no se digna a declararlo como un servicio p\u00fablico, donde el Ombudsman Provincial, dijo que tambi\u00e9n tendr\u00eda que estar Internet , los servicios privados de Televisi\u00f3n y otros, puestos que los abusos y malos servicios quedan en cabeza de la gente\u201d.<\/strong><\/p>\n<p style=\"text-align: justify;\"><!--more--><\/p>\n<p style=\"text-align: justify;\">La Actuaci\u00f3n dirigida al Ministro de Comunicaci\u00f3n, quien afirmo que el precio de la telefon\u00eda en la Argentina, \u201cno se ubica entre los m\u00e1s altos del mundo y le pidi\u00f3 a la gente que haga un esfuerzo para que el mercado de la telefon\u00eda celular sea m\u00e1s competitivo\u201d, es realmente una afrenta a los usuarios de estas empresas que viven mintiendo que hacen inversiones en el sector y que no entendemos a un funcionario cuando afirma que desde el Estado Nacional, \u201cpretendemos que las empresas tengan rentabilidad para que puedan invertir\u201d; cuando nosotros desde la Defensor\u00eda del Pueblo venimos pidiendo y accionando administrativa y judicialmente que, \u201c las empresas primero inviertan para mejorar el servicio y luego cobren un precio justo y razonable, porque de lo contrario cualquiera es empresario, meti\u00e9ndole la mano al bolsillo\u00a0 a los usuarios y con ello brindar un servicio ineficiente que es de inter\u00e9s p\u00fablico, cuando en el mundo sucede todo lo contrario\u201d.<\/p>\n<p style=\"text-align: justify;\">El funcionario tambi\u00e9n cargo contra las ganancias extraordinarias que poseen las prestatarias de telefon\u00eda m\u00f3vil y las de internet que son una de las mayores de nuestra econom\u00eda, y por ello el Estado Nacional cuya competencia es exclusiva y excluyente en esta materia no puede decirnos que va a autorizar nuevos aumentos para que las empresas presten un mejor servicio, \u201cporque aqu\u00ed ya la mentira no es \u00fanicamente de los empresarios, sino tambi\u00e9n del Ministro de Comunicaci\u00f3n de la Naci\u00f3n\u201d.<\/p>\n","protected":false},"excerpt":{"rendered":"<p>La -Direcci\u00f3n de Servicios P\u00fablicos, Prestaciones, Bienes y Servicios-, de la Defensor\u00eda del Pueblo de la Provincia de Formosa, lo inst\u00f3 al Ministro de Comunicaci\u00f3n, Oscar Aguad a que no autorice a las prestatarias de la telefon\u00eda celular a nuevos aumentos en este servicio que si bien, por ahora , en lo que hace a [&hellip;]<\/p>\n","protected":false},"author":1,"featured_media":330,"comment_status":"closed","ping_status":"closed","sticky":false,"template":"","format":"standard","meta":{"footnotes":""},"categories":[1,3],"tags":[],"class_list":["post-3684","post","type-post","status-publish","format-standard","has-post-thumbnail","hentry","category-noticias","category-defensa-de-los-derechos-del-usuario-consumidor-contribuyentes"],"_links":{"self":[{"href":"https:\/\/defensoriaformosa.gob.ar\/index.php?rest_route=\/wp\/v2\/posts\/3684","targetHints":{"allow":["GET"]}}],"collection":[{"href":"https:\/\/defensoriaformosa.gob.ar\/index.php?rest_route=\/wp\/v2\/posts"}],"about":[{"href":"https:\/\/defensoriaformosa.gob.ar\/index.php?rest_route=\/wp\/v2\/types\/post"}],"author":[{"embeddable":true,"href":"https:\/\/defensoriaformosa.gob.ar\/index.php?rest_route=\/wp\/v2\/users\/1"}],"replies":[{"embeddable":true,"href":"https:\/\/defensoriaformosa.gob.ar\/index.php?rest_route=%2Fwp%2Fv2%2Fcomments&post=3684"}],"version-history":[{"count":1,"href":"https:\/\/defensoriaformosa.gob.ar\/index.php?rest_route=\/wp\/v2\/posts\/3684\/revisions"}],"predecessor-version":[{"id":3685,"href":"https:\/\/defensoriaformosa.gob.ar\/index.php?rest_route=\/wp\/v2\/posts\/3684\/revisions\/3685"}],"wp:featuredmedia":[{"embeddable":true,"href":"https:\/\/defensoriaformosa.gob.ar\/index.php?rest_route=\/wp\/v2\/media\/330"}],"wp:attachment":[{"href":"https:\/\/defensoriaformosa.gob.ar\/index.php?rest_route=%2Fwp%2Fv2%2Fmedia&parent=3684"}],"wp:term":[{"taxonomy":"category","embeddable":true,"href":"https:\/\/defensoriaformosa.gob.ar\/index.php?rest_route=%2Fwp%2Fv2%2Fcategories&post=3684"},{"taxonomy":"post_tag","embeddable":true,"href":"https:\/\/defensoriaformosa.gob.ar\/index.php?rest_route=%2Fwp%2Fv2%2Ftags&post=3684"}],"curies":[{"name":"wp","href":"https:\/\/api.w.org\/{rel}","templated":true}]}}