{"id":3682,"date":"2016-08-08T16:40:09","date_gmt":"2016-08-08T19:40:09","guid":{"rendered":"http:\/\/2015.defensoriaformosa.gob.ar\/?p=3682"},"modified":"2016-08-08T16:40:09","modified_gmt":"2016-08-08T19:40:09","slug":"relevamiento-sobre-carnicerias-determina-que-como-consecuencia-de-las-paritarias-y-de-convalidarse-el-tarifazo-energetico-todo-sera-trasladado-al-precio-de-la-carne","status":"publish","type":"post","link":"https:\/\/defensoriaformosa.gob.ar\/?p=3682","title":{"rendered":"RELEVAMIENTO SOBRE CARNICERIAS DETERMINA QUE COMO CONSECUENCIA DE LAS PARITARIAS Y DE CONVALIDARSE EL TARIFAZO ENERGETICO TODO SERA TRASLADADO AL PRECIO DE LA CARNE"},"content":{"rendered":"<p style=\"text-align: justify;\"><strong>Desde la Defensor\u00eda del Pueblo, se pidi\u00f3 al Ministro de Agroindustria Ricardo Buryaile, al de Hacienda y Finanzas Publicas, Alfonso Prat Gay, como as\u00ed tambi\u00e9n a Jorge Triaca, Ministro de Trabajo, Empleo y Seguridad Social, a que adopten medidas efectivas y urgentes a favor de los consumidores, como consecuencia del relevamiento llevado a cabo por el Organismo de la Constituci\u00f3n en diferentes carnicer\u00edas de nuestro mercado local, y en el cual todos manifestaron que el aumento en los salarios del sector que se est\u00e1 negociando en las paritarias con el Ministerio de Trabajo no les queda otra opci\u00f3n que trasladarlo al precio de la carne, puesto que este sector prev\u00e9 un aumento del 20% en los sueldos retroactivo a julio, luego de un aumento del 20% que se otorgo en marzo y los carniceros buscan equipar el Acuerdo que hoy rige en los frigor\u00edficos exportadores.<\/strong><\/p>\n<p style=\"text-align: justify;\"><!--more--><\/p>\n<p style=\"text-align: justify;\">El Ombudsman Provincial, Dr. Jos\u00e9 Leonardo Gialluca, denuncio que el consumo \u201cper c\u00e1pita\u201d de carne vacuna cae todos los meses por los costos que posee y actualmente el promedio de compra de carne vacuna es la m\u00e1s baja de los \u00faltimos diez a\u00f1os, esto es 55kg por habitante, siendo que subi\u00f3 un 45% cuando se devalu\u00f3 y despu\u00e9s volvi\u00f3 a tener otros aumentos y \u201cvarios carniceros se\u00f1alaron que algunas subas las absorbieron para no cerrar sus negocios\u201d.<\/p>\n<p style=\"text-align: justify;\">Con todo esto, que al aumento de las paritarias, si se convalida el Nuevo Cuadro Tarifario de la Luz, tambi\u00e9n impactara en el precio que pagan los consumidores y manifestaron que, \u201ccon un nuevo golpe al bolsillo de la gente ya no se consumir\u00eda m\u00e1s este producto que era tan demandado en otras \u00e9pocas\u201d.<\/p>\n","protected":false},"excerpt":{"rendered":"<p>Desde la Defensor\u00eda del Pueblo, se pidi\u00f3 al Ministro de Agroindustria Ricardo Buryaile, al de Hacienda y Finanzas Publicas, Alfonso Prat Gay, como as\u00ed tambi\u00e9n a Jorge Triaca, Ministro de Trabajo, Empleo y Seguridad Social, a que adopten medidas efectivas y urgentes a favor de los consumidores, como consecuencia del relevamiento llevado a cabo por [&hellip;]<\/p>\n","protected":false},"author":1,"featured_media":2558,"comment_status":"closed","ping_status":"closed","sticky":false,"template":"","format":"standard","meta":{"footnotes":""},"categories":[1],"tags":[],"class_list":["post-3682","post","type-post","status-publish","format-standard","has-post-thumbnail","hentry","category-noticias"],"_links":{"self":[{"href":"https:\/\/defensoriaformosa.gob.ar\/index.php?rest_route=\/wp\/v2\/posts\/3682","targetHints":{"allow":["GET"]}}],"collection":[{"href":"https:\/\/defensoriaformosa.gob.ar\/index.php?rest_route=\/wp\/v2\/posts"}],"about":[{"href":"https:\/\/defensoriaformosa.gob.ar\/index.php?rest_route=\/wp\/v2\/types\/post"}],"author":[{"embeddable":true,"href":"https:\/\/defensoriaformosa.gob.ar\/index.php?rest_route=\/wp\/v2\/users\/1"}],"replies":[{"embeddable":true,"href":"https:\/\/defensoriaformosa.gob.ar\/index.php?rest_route=%2Fwp%2Fv2%2Fcomments&post=3682"}],"version-history":[{"count":1,"href":"https:\/\/defensoriaformosa.gob.ar\/index.php?rest_route=\/wp\/v2\/posts\/3682\/revisions"}],"predecessor-version":[{"id":3683,"href":"https:\/\/defensoriaformosa.gob.ar\/index.php?rest_route=\/wp\/v2\/posts\/3682\/revisions\/3683"}],"wp:featuredmedia":[{"embeddable":true,"href":"https:\/\/defensoriaformosa.gob.ar\/index.php?rest_route=\/wp\/v2\/media\/2558"}],"wp:attachment":[{"href":"https:\/\/defensoriaformosa.gob.ar\/index.php?rest_route=%2Fwp%2Fv2%2Fmedia&parent=3682"}],"wp:term":[{"taxonomy":"category","embeddable":true,"href":"https:\/\/defensoriaformosa.gob.ar\/index.php?rest_route=%2Fwp%2Fv2%2Fcategories&post=3682"},{"taxonomy":"post_tag","embeddable":true,"href":"https:\/\/defensoriaformosa.gob.ar\/index.php?rest_route=%2Fwp%2Fv2%2Ftags&post=3682"}],"curies":[{"name":"wp","href":"https:\/\/api.w.org\/{rel}","templated":true}]}}