{"id":3673,"date":"2016-08-07T15:30:47","date_gmt":"2016-08-07T18:30:47","guid":{"rendered":"http:\/\/2015.defensoriaformosa.gob.ar\/?p=3673"},"modified":"2016-08-07T15:30:47","modified_gmt":"2016-08-07T18:30:47","slug":"la-defensoria-del-pueblo-pidio-al-ipv-que-aquellas-familias-que-no-puedan-pagar-sus-cuotas-se-les-fraccionen-las-mismas-de-acuerdo-a-sus-posibilidades-reales-de-pago","status":"publish","type":"post","link":"https:\/\/defensoriaformosa.gob.ar\/?p=3673","title":{"rendered":"LA DEFENSORIA DEL PUEBLO, PIDIO AL IPV QUE AQUELLAS FAMILIAS QUE NO PUEDAN PAGAR SUS CUOTAS SE LES FRACCIONEN LAS MISMAS DE ACUERDO A SUS POSIBILIDADES REALES DE PAGO"},"content":{"rendered":"<p style=\"text-align: justify;\"><strong>Decenas de familias\u00a0 que viven actualmente en el Barrio denominado Nueva Formosa, y que han recibido sus primeras cuotas por parte del Instituto Provincial de la Vivienda, se presentaron por ante la Defensor\u00eda del Pueblo, varias de ellas que antes viv\u00edan paup\u00e9rrimamente en el Barrio Sagrado Coraz\u00f3n, planteando la imposibilidad de pagarlas pues las nuevas facturas que recibieron ascienden a m\u00e1s de $3.000 siendo que eligieron en su momento, entre los montos a pagar el de $1.500, pues somos familias de bajos recursos dijeron, constituidas en su mayor\u00eda por empleadas domesticas, cuyos esposos son obreros de la construcci\u00f3n, actualmente sin trabajo y que viven de algunas \u201cchangas espor\u00e1dicas\u201d, como as\u00ed tambi\u00e9n otros dijeron ser remiseros o empleados municipales. Los mismos llegan aproximadamente a 300 familias que han formado un grupo de whatsapp para estar comunicados y juntos poder peticionar ante las Autoridades Provinciales competentes.<\/strong><\/p>\n<p style=\"text-align: justify;\"><!--more--><\/p>\n<p style=\"text-align: justify;\">El Ombudsman Provincial, Dr. Jos\u00e9 Leonardo Gialluca, \u201cles se\u00f1alo que comprend\u00eda perfectamente su preocupaci\u00f3n y aflicci\u00f3n y que la Instituci\u00f3n gestionara con el actual Titular del IPV, Ing. Marcelo Ugelli, alguna salida legal a esta cr\u00edtica situaci\u00f3n.<\/p>\n<p style=\"text-align: justify;\">Al mismo tiempo desde el Organismo de la Constituci\u00f3n, se les est\u00e1 presentando con car\u00e1cter de pronto despacho y tramite urgente una Actuaci\u00f3n donde se solicita, \u201cel pago fraccionado de las cuotas que deben cumplir los adjudicatarios\u201d. Lo estamos haciendo con beneficiarios que poseen una pensi\u00f3n no contributiva por invalidez, y cuyas esposas son empleadas domesticas, todo lo cual se encuentra debidamente documentado y se le peticiona al IPV, realice de ser necesario y conveniente la visita socio- econ\u00f3mico correspondiente y autorice al pago fraccionado de cuotas y que se abstenga de constituir en mora a los adjudicatarios y tampoco que se le imputen intereses de ninguna naturaleza hasta tanto exista resoluci\u00f3n firme sobre lo planteado.<\/p>\n<p style=\"text-align: justify;\">Gialluca aclaro que la gente que defendemos posee voluntad de pago y por ello recurrimos a la -Direcci\u00f3n de Recupero del IPV-, pues nuestros representados, \u201cno son los culpables de que hayan aumentado los materiales de construcci\u00f3n ya que sus ingresos si bien se incrementaron, nunca lo hicieron al ritmo de la inflaci\u00f3n que castiga a toda nuestra sociedad\u201d.<\/p>\n<p style=\"text-align: justify;\">El Ombudsman a\u00f1adi\u00f3 que tambi\u00e9n pedir\u00e1n a la Secretaria de Vivienda de la Naci\u00f3n, actualice los montos de la financiaci\u00f3n de las viviendas, teniendo en cuenta los informes socio-ambientales de la provincia, pues sino est\u00e1n discriminando y excluyendo arbitrariamente a muchas familias formose\u00f1as.<\/p>\n<p style=\"text-align: justify;\">Por ello abund\u00f3 que la gente debe pagar las cuotas de su vivienda pero no se la puede tomar como \u2013 medida de ajuste- ya que el Estado Provincial firmo un Acuerdo por el valor de las cuotas y puede inclusive en la actualidad sin necesidad de una visita social a los adjudicatarios, comprobar a trav\u00e9s de varias bases de datos, \u201ccu\u00e1les son los ingresos reales de los mismos y se dar\u00e1n cuenta que constituyen una franja de ciudadanos muy castigados por la actual situaci\u00f3n econ\u00f3mica, paralizaci\u00f3n de la obra p\u00fablica y privada y que lo que ingresa a sus hogares por supuesto lo destinan a necesidades b\u00e1sicas y esenciales entre las que se encuentran hacer estudiar a sus hijos en universidades\u00a0 u otras carreras que ofrece nuestro medio por lo que, entre todos debemos encontrarle una soluci\u00f3n a esta situaci\u00f3n, sugiriendo el Ombudsman Provincial, que no gasten dinero, buscando abogados particulares ya que el Estado posee lugares como la Defensor\u00eda del Pueblo,\u00a0 los Defensores Oficiales, la Secretaria de la Mujer, el Ministerio de la Comunidad, el propio IPV, \u00a0todos ellos con funciones y competencias para asesorarlos gratuitamente.<\/p>\n","protected":false},"excerpt":{"rendered":"<p>Decenas de familias\u00a0 que viven actualmente en el Barrio denominado Nueva Formosa, y que han recibido sus primeras cuotas por parte del Instituto Provincial de la Vivienda, se presentaron por ante la Defensor\u00eda del Pueblo, varias de ellas que antes viv\u00edan paup\u00e9rrimamente en el Barrio Sagrado Coraz\u00f3n, planteando la imposibilidad de pagarlas pues las nuevas [&hellip;]<\/p>\n","protected":false},"author":1,"featured_media":3674,"comment_status":"closed","ping_status":"closed","sticky":false,"template":"","format":"standard","meta":{"footnotes":""},"categories":[1,6],"tags":[],"class_list":["post-3673","post","type-post","status-publish","format-standard","has-post-thumbnail","hentry","category-noticias","category-salud"],"_links":{"self":[{"href":"https:\/\/defensoriaformosa.gob.ar\/index.php?rest_route=\/wp\/v2\/posts\/3673","targetHints":{"allow":["GET"]}}],"collection":[{"href":"https:\/\/defensoriaformosa.gob.ar\/index.php?rest_route=\/wp\/v2\/posts"}],"about":[{"href":"https:\/\/defensoriaformosa.gob.ar\/index.php?rest_route=\/wp\/v2\/types\/post"}],"author":[{"embeddable":true,"href":"https:\/\/defensoriaformosa.gob.ar\/index.php?rest_route=\/wp\/v2\/users\/1"}],"replies":[{"embeddable":true,"href":"https:\/\/defensoriaformosa.gob.ar\/index.php?rest_route=%2Fwp%2Fv2%2Fcomments&post=3673"}],"version-history":[{"count":1,"href":"https:\/\/defensoriaformosa.gob.ar\/index.php?rest_route=\/wp\/v2\/posts\/3673\/revisions"}],"predecessor-version":[{"id":3675,"href":"https:\/\/defensoriaformosa.gob.ar\/index.php?rest_route=\/wp\/v2\/posts\/3673\/revisions\/3675"}],"wp:featuredmedia":[{"embeddable":true,"href":"https:\/\/defensoriaformosa.gob.ar\/index.php?rest_route=\/wp\/v2\/media\/3674"}],"wp:attachment":[{"href":"https:\/\/defensoriaformosa.gob.ar\/index.php?rest_route=%2Fwp%2Fv2%2Fmedia&parent=3673"}],"wp:term":[{"taxonomy":"category","embeddable":true,"href":"https:\/\/defensoriaformosa.gob.ar\/index.php?rest_route=%2Fwp%2Fv2%2Fcategories&post=3673"},{"taxonomy":"post_tag","embeddable":true,"href":"https:\/\/defensoriaformosa.gob.ar\/index.php?rest_route=%2Fwp%2Fv2%2Ftags&post=3673"}],"curies":[{"name":"wp","href":"https:\/\/api.w.org\/{rel}","templated":true}]}}