{"id":3663,"date":"2016-08-06T14:11:01","date_gmt":"2016-08-06T17:11:01","guid":{"rendered":"http:\/\/2015.defensoriaformosa.gob.ar\/?p=3663"},"modified":"2016-08-06T14:11:01","modified_gmt":"2016-08-06T17:11:01","slug":"la-defensoria-afirmo-que-no-habra-cambios-en-la-tarifa-electrica-provincial-a-pesar-del-fallo-judicial-federal-hasta-tanto-el-gobierno-nacional-no-encarrile-los-servicios-publicos-decisivamente","status":"publish","type":"post","link":"https:\/\/defensoriaformosa.gob.ar\/?p=3663","title":{"rendered":"LA DEFENSORIA AFIRMO QUE NO HABR\u00c1 CAMBIOS EN LA TARIFA EL\u00c9CTRICA PROVINCIAL, A PESAR DEL FALLO JUDICIAL FEDERAL, HASTA TANTO EL GOBIERNO NACIONAL NO ENCARRILE LOS SERVICIOS P\u00daBLICOS  DECISIVAMENTE"},"content":{"rendered":"<p style=\"text-align: justify;\"><strong>-La Jueza Federal Martina Forns le se\u00f1alo al Ombudsman \u201cque no est\u00e1 en su \u00e1nimo voltear ning\u00fan Gobierno\u201d-<\/strong><\/p>\n<p style=\"text-align: justify;\"><!--more--><\/p>\n<p style=\"text-align: justify;\">Tras el reciente fallo de la Jueza Federal Dra. Martina Forns, que freno los aumentos de la luz en todo el pa\u00eds, se disparo la duda por parte de los usuarios de qu\u00e9 hacer con las boletas de luz que vencen en estos d\u00edas y que pasara con aquellos montos ya abonados.<\/p>\n<p style=\"text-align: justify;\">Por tal motivo el Ombudsman Provincial Dr. Jos\u00e9 Leonardo Gialluca expreso que este nuevo fallo de la Jueza Federal de San Martin, nos coloca en la dif\u00edcil tarea de asesorar a la poblaci\u00f3n y hasta tanto el Gobierno Nacional, \u201cno le exija a CAMMESA a que le venda o facture la energ\u00eda\u00a0 al precio anterior a las Resoluciones N\u00ba 6 y 7 a nuestra Distribuidora Refsa y adem\u00e1s \u2013 le otorgue un cr\u00e9dito en energ\u00eda o en efectivo por lo cobrado con los aumentos, reci\u00e9n all\u00ed Refsa podr\u00e1 hacer lo mismo con los usuarios residenciales y comerciales\u201d. Entre tanto el funcionario expreso que debemos esperar ya que las tarifas no se modificaran a pesar del fallo judicial nacional hasta que no se resuelva la cuesti\u00f3n de fondo y es seguro que el Gobierno Nacional apelara esta medida. En este razonamiento el Defensor del Pueblo, \u201cratifico que Refsa no es formadora de precios de la energ\u00eda el\u00e9ctrica y por ello le pidi\u00f3 a la Diputada Antonella Maglietti que se ajuste a la realidad y le pida al Presidente de la Naci\u00f3n Ing. Mauricio Macri, no solamente a que llame a Audiencias P\u00fablicas, sino que tambi\u00e9n respete la Constituci\u00f3n Nacional y que se quede tranquila porque en Formosa oportunamente si es necesario haremos tambi\u00e9n nuestra audiencia p\u00fablica y le refuto de que en nuestra provincia, tengamos la energ\u00eda mas cara del pa\u00eds\u201d.<\/p>\n<p style=\"text-align: justify;\">Por otro lado Defensor del Pueblo, se contact\u00f3 en el d\u00eda viernes con la Jueza Federal de San Martin, Dra. Martina Isabel Forns, quien le expreso que no \u201cest\u00e1 en su \u00e1nimo voltear ning\u00fan Gobierno, sino todo lo contrario, que exista Paz Social esencialmente\u201d, asimismo califico a las Resoluciones Nacionales como ilegales y dijo que \u201cla podr\u00e1n Recusar, acusar de favorecer a alg\u00fan sector pol\u00edtico, pero que nada de esto es cierto\u201d y que como Jueza Federal lo \u00fanico que busca con sus Fallos es impartir justicia, \u00a0se\u00f1alando que la C\u00e1mara Federal hasta ahora le ha ratificado sus fallos y dejan firmes la medidas concediendo las apelaciones con \u201cefecto devolutivo\u201d.<\/p>\n<p style=\"text-align: justify;\">Gialluca se\u00f1alo que no podemos seguir con este dislate, y el Se\u00f1or Presidente de la Naci\u00f3n, o en su defecto el Jefe de Gabinete de Ministros Marcos Pe\u00f1a, tienen la obligaci\u00f3n de impartir y coordinar acciones y gestiones hacia ENARSA, CAMMESA, y los m\u00e1s importantes actores del mercado el\u00e9ctrico, pues de lo contrario, \u201csi no se hace un borr\u00f3n y cuentas nuevas, las distribuidoras provinciales no saben para donde ir y se corre el riesgo de que no puedan prestar el servicio\u00a0 de energ\u00eda, m\u00e1xime en el NEA, donde las temperaturas ya comienzan a hacerse sentir\u201d.<\/p>\n<p style=\"text-align: justify;\">Agrego adem\u00e1s, \u201cque jugar a que las empresas apliquen las -Tarifas Anteriores- hasta que la Corte Suprema se expida, es algo riesgoso y as\u00ed tenemos a Edenor pidiendo que se ponga en vigencia una Resoluci\u00f3n del gobierno anterior que se derogo en febrero, por la cual el Estado se hac\u00eda cargo de gastos operativos como el pago de parte de los salarios. Por esta raz\u00f3n donde no hay claridad, es el Gobierno Nacional el que debe ponerla ya que la Corte Suprema ha quedado en un lugar desagradable pues est\u00e1 obligada a definir un tema que hoy ha creado un fuerte disgusto social; y la \u00fanica alternativa que posee, al callej\u00f3n sin salida existente, es convocar a las Audiencias P\u00fablicas siendo el \u00fanico y principal responsable de este descalabro el actual Presidente\u00a0 de nuestro Pa\u00eds.<\/p>\n","protected":false},"excerpt":{"rendered":"<p>-La Jueza Federal Martina Forns le se\u00f1alo al Ombudsman \u201cque no est\u00e1 en su \u00e1nimo voltear ning\u00fan Gobierno\u201d-<\/p>\n","protected":false},"author":1,"featured_media":3664,"comment_status":"closed","ping_status":"closed","sticky":false,"template":"","format":"standard","meta":{"footnotes":""},"categories":[1,3],"tags":[],"class_list":["post-3663","post","type-post","status-publish","format-standard","has-post-thumbnail","hentry","category-noticias","category-defensa-de-los-derechos-del-usuario-consumidor-contribuyentes"],"_links":{"self":[{"href":"https:\/\/defensoriaformosa.gob.ar\/index.php?rest_route=\/wp\/v2\/posts\/3663","targetHints":{"allow":["GET"]}}],"collection":[{"href":"https:\/\/defensoriaformosa.gob.ar\/index.php?rest_route=\/wp\/v2\/posts"}],"about":[{"href":"https:\/\/defensoriaformosa.gob.ar\/index.php?rest_route=\/wp\/v2\/types\/post"}],"author":[{"embeddable":true,"href":"https:\/\/defensoriaformosa.gob.ar\/index.php?rest_route=\/wp\/v2\/users\/1"}],"replies":[{"embeddable":true,"href":"https:\/\/defensoriaformosa.gob.ar\/index.php?rest_route=%2Fwp%2Fv2%2Fcomments&post=3663"}],"version-history":[{"count":1,"href":"https:\/\/defensoriaformosa.gob.ar\/index.php?rest_route=\/wp\/v2\/posts\/3663\/revisions"}],"predecessor-version":[{"id":3665,"href":"https:\/\/defensoriaformosa.gob.ar\/index.php?rest_route=\/wp\/v2\/posts\/3663\/revisions\/3665"}],"wp:featuredmedia":[{"embeddable":true,"href":"https:\/\/defensoriaformosa.gob.ar\/index.php?rest_route=\/wp\/v2\/media\/3664"}],"wp:attachment":[{"href":"https:\/\/defensoriaformosa.gob.ar\/index.php?rest_route=%2Fwp%2Fv2%2Fmedia&parent=3663"}],"wp:term":[{"taxonomy":"category","embeddable":true,"href":"https:\/\/defensoriaformosa.gob.ar\/index.php?rest_route=%2Fwp%2Fv2%2Fcategories&post=3663"},{"taxonomy":"post_tag","embeddable":true,"href":"https:\/\/defensoriaformosa.gob.ar\/index.php?rest_route=%2Fwp%2Fv2%2Ftags&post=3663"}],"curies":[{"name":"wp","href":"https:\/\/api.w.org\/{rel}","templated":true}]}}