{"id":3660,"date":"2016-08-05T20:10:32","date_gmt":"2016-08-05T23:10:32","guid":{"rendered":"http:\/\/2015.defensoriaformosa.gob.ar\/?p=3660"},"modified":"2016-08-05T20:10:32","modified_gmt":"2016-08-05T23:10:32","slug":"la-jueza-federal-que-freno-el-tarifazo-energetico-le-explico-al-defensor-del-pueblo-de-la-provincia-que-su-voluntad-no-esta-en-voltear-un-gobierno-sino-que-trabaja-por-el-respeto-de","status":"publish","type":"post","link":"https:\/\/defensoriaformosa.gob.ar\/?p=3660","title":{"rendered":"LA JUEZA FEDERAL QUE FRENO EL TARIFAZO ENERGETICO LE EXPLICO AL DEFENSOR DEL PUEBLO DE LA PROVINCIA QUE SU VOLUNTAD NO ESTA EN \u201cVOLTEAR UN GOBIERNO\u201d SINO QUE TRABAJA POR EL RESPETO DE LA CONSTITUCION, LAS  LEYES  Y POR LA PAZ SOCIAL DEL PAIS"},"content":{"rendered":"<p style=\"text-align: justify;\"><strong>El Defensor del Pueblo de la Provincia de Formosa, Dr. Jos\u00e9 Leonardo Gialluca, se contact\u00f3 en el d\u00eda de ayer en horas de la ma\u00f1ana con la Jueza Federal de San Martin, Dra. Martina Isabel Forns, quien fren\u00f3 el tarifazo energ\u00e9tico en todo el Pa\u00eds.<\/strong><\/p>\n<p style=\"text-align: justify;\"><!--more--><\/p>\n<p style=\"text-align: justify;\">La Magistrada le se\u00f1alo al Ombudsman Provincial, que su Fallo suspende las Resoluciones N\u00ba 6 y 7 del Ministerio de Energ\u00eda y Miner\u00eda de Naci\u00f3n, y la N\u00ba 1\/16 del ENRE, y le ordena a CAMMESA, a que se abstenga de aplicar el Nuevo Cuadro Tarifario respecto de todas las Distribuidoras del Pa\u00eds, que no necesitan ninguna notificaci\u00f3n formal, hasta tanto se realicen las Audiencias P\u00fablicas correspondientes. Agrego la Funcionaria Judicial Federal que se deben respetar las leyes y la Constituci\u00f3n Nacional y que no \u201cest\u00e1 en su \u00e1nimo voltear ning\u00fan Gobierno, sino todo lo contrario, que exista Paz Social esencialmente\u201d, asimismo califico a las Resoluciones Nacionales como ilegales y dijo que \u201cla podr\u00e1n Recusar, Acusar de favorecer al Kirchnerismo, pero que nada de esto es cierto\u201d y que como Jueza Federal lo \u00fanico que busca con sus Fallos es impartir justicia, \u00a0se\u00f1alando que la C\u00e1mara Federal hasta ahora le ha ratificado sus fallos y dejan firmes la medidas concediendo la apelaci\u00f3n con \u201cefecto devolutivo\u201d. \u201cArgumento adem\u00e1s que los beneficios de \u201ctarifas sociales\u201d para algunos sectores como los clubes, \u201cno han pasado de ser simples anuncios\u201d, y que muchos de ellos que ven\u00edan pagando $4000 de facturas de electricidad se la llevaron a $40.000 y todo ello se d\u00e1 tambi\u00e9n en las PyMES, en los Usuarios Residenciales y que continuara defendiendo la Constituci\u00f3n, porque existen razones graves e impostergables que han sido producidos por el tarifazo energ\u00e9tico, debido a que no se ha llamado a Audiencias P\u00fablicas.<\/p>\n<p style=\"text-align: justify;\">El Ombudsman Provincial, afirmo que lo mejor que puede suceder en forma urgente, es que se convoque a Audiencia P\u00fablica y se resuelvan los Cuadros Tarifarios a aplicar puesto que \u201cesta par\u00e1lisis e inacci\u00f3n del Estado Nacional es alarmante\u201d.<\/p>\n<p style=\"text-align: justify;\">No podemos seguir con este dislate, y el Se\u00f1or Presidente de la Naci\u00f3n, o en su defecto el Jefe de Gabinete de Ministros Marcos Pe\u00f1a, tienen la obligaci\u00f3n de impartir y coordinar acciones y gestiones hacia ENARSA, CAMMESA, y los m\u00e1s importantes actores del mercado el\u00e9ctrico, pues de lo contrario, \u201csi no se hace un borr\u00f3n y cuentas nuevas, las distribuidoras provinciales no saben para donde ir y se corre el riesgo de que no puedan prestar el servicio\u00a0 de energ\u00eda, m\u00e1xime en el NEA, donde las temperaturas ya comienzan a hacerse sentir\u201d.<\/p>\n<p style=\"text-align: justify;\">Agrego adem\u00e1s, \u201cque jugar a que las empresas apliquen las -Tarifas Anteriores- hasta que la Corte Suprema se expida, es algo riesgoso y as\u00ed tenemos a Edenor pidiendo que se ponga en vigencia una Resoluci\u00f3n del gobierno anterior que se derogo en febrero, por la cual el Estado se hac\u00eda cargo de gastos operativos como el pago de parte de los salarios. Por esta raz\u00f3n donde no hay claridad, es el Gobierno Nacional el que debe ponerla ya que la Corte Suprema ha quedado en un lugar desagradable pues est\u00e1 obligada a definir un tema que hoy ha creado un fuerte disgusto social; y la \u00fanica alternativa que posee, al callej\u00f3n sin salida existente, es convocar a las Audiencias P\u00fablicas.<\/p>\n<p><strong><em>\u00a0<\/em><\/strong><\/p>\n","protected":false},"excerpt":{"rendered":"<p>El Defensor del Pueblo de la Provincia de Formosa, Dr. Jos\u00e9 Leonardo Gialluca, se contact\u00f3 en el d\u00eda de ayer en horas de la ma\u00f1ana con la Jueza Federal de San Martin, Dra. Martina Isabel Forns, quien fren\u00f3 el tarifazo energ\u00e9tico en todo el Pa\u00eds.<\/p>\n","protected":false},"author":1,"featured_media":2820,"comment_status":"closed","ping_status":"closed","sticky":false,"template":"","format":"standard","meta":{"footnotes":""},"categories":[1,3],"tags":[],"class_list":["post-3660","post","type-post","status-publish","format-standard","has-post-thumbnail","hentry","category-noticias","category-defensa-de-los-derechos-del-usuario-consumidor-contribuyentes"],"_links":{"self":[{"href":"https:\/\/defensoriaformosa.gob.ar\/index.php?rest_route=\/wp\/v2\/posts\/3660","targetHints":{"allow":["GET"]}}],"collection":[{"href":"https:\/\/defensoriaformosa.gob.ar\/index.php?rest_route=\/wp\/v2\/posts"}],"about":[{"href":"https:\/\/defensoriaformosa.gob.ar\/index.php?rest_route=\/wp\/v2\/types\/post"}],"author":[{"embeddable":true,"href":"https:\/\/defensoriaformosa.gob.ar\/index.php?rest_route=\/wp\/v2\/users\/1"}],"replies":[{"embeddable":true,"href":"https:\/\/defensoriaformosa.gob.ar\/index.php?rest_route=%2Fwp%2Fv2%2Fcomments&post=3660"}],"version-history":[{"count":1,"href":"https:\/\/defensoriaformosa.gob.ar\/index.php?rest_route=\/wp\/v2\/posts\/3660\/revisions"}],"predecessor-version":[{"id":3661,"href":"https:\/\/defensoriaformosa.gob.ar\/index.php?rest_route=\/wp\/v2\/posts\/3660\/revisions\/3661"}],"wp:featuredmedia":[{"embeddable":true,"href":"https:\/\/defensoriaformosa.gob.ar\/index.php?rest_route=\/wp\/v2\/media\/2820"}],"wp:attachment":[{"href":"https:\/\/defensoriaformosa.gob.ar\/index.php?rest_route=%2Fwp%2Fv2%2Fmedia&parent=3660"}],"wp:term":[{"taxonomy":"category","embeddable":true,"href":"https:\/\/defensoriaformosa.gob.ar\/index.php?rest_route=%2Fwp%2Fv2%2Fcategories&post=3660"},{"taxonomy":"post_tag","embeddable":true,"href":"https:\/\/defensoriaformosa.gob.ar\/index.php?rest_route=%2Fwp%2Fv2%2Ftags&post=3660"}],"curies":[{"name":"wp","href":"https:\/\/api.w.org\/{rel}","templated":true}]}}