{"id":3656,"date":"2016-08-04T16:45:46","date_gmt":"2016-08-04T19:45:46","guid":{"rendered":"http:\/\/2015.defensoriaformosa.gob.ar\/?p=3656"},"modified":"2016-08-04T16:45:46","modified_gmt":"2016-08-04T19:45:46","slug":"para-la-defensoria-la-luz-se-debe-pagar-con-el-viejo-cuadro-tarifario-y-no-con-los-precios-establecidos-actualmente","status":"publish","type":"post","link":"https:\/\/defensoriaformosa.gob.ar\/?p=3656","title":{"rendered":"PARA LA DEFENSORIA LA LUZ SE DEBE PAGAR CON EL VIEJO CUADRO TARIFARIO Y NO CON LOS PRECIOS ESTABLECIDOS ACTUALMENTE"},"content":{"rendered":"<p style=\"text-align: justify;\"><strong>El Defensor del Pueblo de la Provincia, Dr. Jos\u00e9 Leonardo Gialluca, se\u00f1alo que no comparte la postura del Gerente General de REFSA, Ing. Fernando de Vido, en cuanto a que REFSA cobre a los usuarios en las pr\u00f3ximas facturaciones por el servicio de energ\u00eda el\u00e9ctrica conforme al Cuadro Tarifario que est\u00e1 vigente, pues el fallo de la Jueza Federal de San Martin, Dra. Martina Isabel Forns, es clar\u00edsimo en cuanto ordeno suspender el cobro de las facturas emitidas en base al Cuadro Tarifario que surgi\u00f3 de las Resoluciones N\u00ba 6 y 7 dictadas por el Ministerio de Energ\u00eda y Miner\u00eda de Naci\u00f3n y trat\u00e1ndose de la Resoluci\u00f3n de un Amparo colectivo de nivel nacional que est\u00e1 registrado en el \u2013 Registro de Procesos Colectivos de la Corte-, produce que un juez de una jurisdicci\u00f3n pueda extender las consecuencias de la medida o sentencia a todo el pa\u00eds.<\/strong><\/p>\n<p style=\"text-align: justify;\"><!--more--><\/p>\n<p style=\"text-align: justify;\">Por otro lado, el Estado tiene la orden de no facturar con el aumento tarifario tal cual lo ven\u00eda haciendo y no puede cortar el servicio por falta de pago, pues ello implicar\u00eda lisa y llanamente \u201cincurrir en el delito de desobediencia judicial\u201d (Art. N\u00ba 239 del C\u00f3digo Penal Argentino).<\/p>\n<p style=\"text-align: justify;\">Gialluca sugiri\u00f3, que lo mejor que puede hacer REFSA es, no distribuir las pr\u00f3ximas facturas, porque esperamos que el Estado Nacional llame en forma urgente a Audiencia P\u00fablica y de esta manera respetando las Leyes vigentes y la Constituci\u00f3n Nacional, posteriormente surjan los\u00a0 Cuadros Tarifarios pertinentes.<\/p>\n<p style=\"text-align: justify;\">En cuanto a los usuarios y vecinos, el Ombudsman Provincial, les ofreci\u00f3 asesorarse previamente en la sede de la Defensor\u00eda del Pueblo y quienes hayan recibido una factura pr\u00f3xima a \u00a0vencer, lo m\u00e1s prudente y l\u00f3gico es, \u201cesperar la refacturacion de REFSA de acuerdo al Viejo Cuadro Tarifario y reci\u00e9n all\u00ed cumplir con la obligaci\u00f3n de cliente\u201d .<\/p>\n<p style=\"text-align: justify;\">El funcionario puso como ejemplo a la provincia de Buenos Aires, donde se decidi\u00f3 llevar a cabo las Audiencias P\u00fablicas respetando la Constituci\u00f3n y hoy con los nuevos Cuadros Tarifarios, los usuarios tienen un aumento de un 150%.\u00a0 Por ello aclaro, que no nos oponemos a la revisi\u00f3n del costo de las tarifas, pero pedimos que se hagan las Audiencias P\u00fablicas y expreso que la Provincia de Formosa al dictar a trav\u00e9s del EROSP, la Resoluci\u00f3n N\u00ba 72\/16 mediante la cual se adhiri\u00f3 a las Resoluciones N\u00ba 6 y 7 del Ministerio de Energ\u00eda y Miner\u00eda de Naci\u00f3n, quien, \u201chizo valer equivocadamente y abusivamente una Audiencia P\u00fablica del a\u00f1o 2013\u201d, hoy estos instrumentos no tienen ninguna validez jur\u00eddica y por lo tanto debemos esperar todos que se reencauce en forma urgente esta situaci\u00f3n por el Gobierno Nacional.<\/p>\n<p style=\"text-align: justify;\">Se\u00f1alo por \u00faltimo, que el grav\u00edsimo perjuicio econ\u00f3mico causado a millones de usuarios son irreparables,\u00a0 pues no debemos olvidar, que como consecuencia \u201cdel tarifazo el\u00e9ctrico\u201d, subieron alquileres, productos de la Canasta B\u00e1sica Alimentaria, medicamentos, servicios varios, transporte, telefon\u00eda, y que nada de ello, \u201cvolver\u00e1 a bajar de precio\u201d, lo que si puede suceder es que luego de las Audiencias P\u00fablicas, CAMESA le otorgue -cr\u00e9ditos en energ\u00eda &#8211; a REFSA, y esta conceda beneficios de igual naturaleza a los usuarios residenciales y comerciantes que pudieron sobrevivir hasta la fecha, puesto que existen miles de PyMES, que bajaron sus persianas por el aumento exorbitante y desproporcionado de las boletas de electricidad.<\/p>\n","protected":false},"excerpt":{"rendered":"<p>El Defensor del Pueblo de la Provincia, Dr. Jos\u00e9 Leonardo Gialluca, se\u00f1alo que no comparte la postura del Gerente General de REFSA, Ing. Fernando de Vido, en cuanto a que REFSA cobre a los usuarios en las pr\u00f3ximas facturaciones por el servicio de energ\u00eda el\u00e9ctrica conforme al Cuadro Tarifario que est\u00e1 vigente, pues el fallo [&hellip;]<\/p>\n","protected":false},"author":1,"featured_media":3398,"comment_status":"closed","ping_status":"closed","sticky":false,"template":"","format":"standard","meta":{"footnotes":""},"categories":[1,3],"tags":[],"class_list":["post-3656","post","type-post","status-publish","format-standard","has-post-thumbnail","hentry","category-noticias","category-defensa-de-los-derechos-del-usuario-consumidor-contribuyentes"],"_links":{"self":[{"href":"https:\/\/defensoriaformosa.gob.ar\/index.php?rest_route=\/wp\/v2\/posts\/3656","targetHints":{"allow":["GET"]}}],"collection":[{"href":"https:\/\/defensoriaformosa.gob.ar\/index.php?rest_route=\/wp\/v2\/posts"}],"about":[{"href":"https:\/\/defensoriaformosa.gob.ar\/index.php?rest_route=\/wp\/v2\/types\/post"}],"author":[{"embeddable":true,"href":"https:\/\/defensoriaformosa.gob.ar\/index.php?rest_route=\/wp\/v2\/users\/1"}],"replies":[{"embeddable":true,"href":"https:\/\/defensoriaformosa.gob.ar\/index.php?rest_route=%2Fwp%2Fv2%2Fcomments&post=3656"}],"version-history":[{"count":1,"href":"https:\/\/defensoriaformosa.gob.ar\/index.php?rest_route=\/wp\/v2\/posts\/3656\/revisions"}],"predecessor-version":[{"id":3657,"href":"https:\/\/defensoriaformosa.gob.ar\/index.php?rest_route=\/wp\/v2\/posts\/3656\/revisions\/3657"}],"wp:featuredmedia":[{"embeddable":true,"href":"https:\/\/defensoriaformosa.gob.ar\/index.php?rest_route=\/wp\/v2\/media\/3398"}],"wp:attachment":[{"href":"https:\/\/defensoriaformosa.gob.ar\/index.php?rest_route=%2Fwp%2Fv2%2Fmedia&parent=3656"}],"wp:term":[{"taxonomy":"category","embeddable":true,"href":"https:\/\/defensoriaformosa.gob.ar\/index.php?rest_route=%2Fwp%2Fv2%2Fcategories&post=3656"},{"taxonomy":"post_tag","embeddable":true,"href":"https:\/\/defensoriaformosa.gob.ar\/index.php?rest_route=%2Fwp%2Fv2%2Ftags&post=3656"}],"curies":[{"name":"wp","href":"https:\/\/api.w.org\/{rel}","templated":true}]}}