{"id":3646,"date":"2016-08-03T16:02:09","date_gmt":"2016-08-03T19:02:09","guid":{"rendered":"http:\/\/2015.defensoriaformosa.gob.ar\/?p=3646"},"modified":"2016-08-03T16:02:09","modified_gmt":"2016-08-03T19:02:09","slug":"nuevo-convenio-de-cooperacion-institucional-a-favor-de-los-vecinos-entre-la-defensoria-del-pueblo-y-la-municipalidad-de-el-espinillo","status":"publish","type":"post","link":"https:\/\/defensoriaformosa.gob.ar\/?p=3646","title":{"rendered":"NUEVO CONVENIO DE COOPERACI\u00d3N INSTITUCIONAL A FAVOR DE LOS VECINOS ENTRE LA DEFENSORIA DEL PUEBLO Y LA MUNICIPALIDAD DE EL ESPINILLO"},"content":{"rendered":"<p style=\"text-align: justify;\"><strong>Se suscribi\u00f3 un Convenio de Cooperaci\u00f3n y Asistencia T\u00e9cnica entre la Defensoria del Pueblo de la Provincia de Formosa y la Intendencia de la Localidad de El Espinillo, por la cual ambas instituciones se comprometieron a llevar adelante una articulaci\u00f3n institucional con el objetivo de promocionar y asesorar a todos los vecinos en lo que respecta a cuestiones que se relacionan con los derechos humanos, econ\u00f3micos, sociales y pol\u00edticos de toda esa gran comunidad.<\/strong><\/p>\n<p style=\"text-align: justify;\"><!--more--><\/p>\n<p style=\"text-align: justify;\">El Sr. Intendente Dr. Carlos Manuel Sotelo, expreso que esta cooperaci\u00f3n institucional, permitir\u00e1 la apertura de una permanente ventanilla de reclamos para usuarios y consumidores de El Espinillo y de esa manera acompa\u00f1arlos en la protecci\u00f3n de sus derechos y tambi\u00e9n en las denuncias relacionadas a la prestaci\u00f3n de servicios p\u00fablicos esenciales como adem\u00e1s las que llevan adelante empresas privadas como la telefon\u00eda fija, m\u00f3vil internet transporte p\u00fablico de pasajeros interurbanos, de modo que ante un abuso, nuestra comunidad tenga un lugar de asistencia y donde plantear sus quejas individuales o de grupo, lo que permitir\u00e1 una mejora en la calidad de vida de sus integrantes.-<\/p>\n<p style=\"text-align: justify;\">El Ombudsman Provincial Dr. Jose Leonardo Gialluca celebro contar con una nueva municipalidad de nuestro interior provincial, se suma a esta campa\u00f1a de convenios de cooperaci\u00f3n t\u00e9cnica, lo que redundara en el fortalecimiento y permitir\u00e1 protecci\u00f3n de derechos y la posibilidad de denuncias contra discriminaci\u00f3n, seguridad vial educaci\u00f3n, salud discapacitados, jubilados y pensionados, en una amplia y variada\u00a0 eventualidad de que los vecinos no se encuentren solos y para ello los acompa\u00f1aremos junto al municipio.-<\/p>\n","protected":false},"excerpt":{"rendered":"<p>Se suscribi\u00f3 un Convenio de Cooperaci\u00f3n y Asistencia T\u00e9cnica entre la Defensoria del Pueblo de la Provincia de Formosa y la Intendencia de la Localidad de El Espinillo, por la cual ambas instituciones se comprometieron a llevar adelante una articulaci\u00f3n institucional con el objetivo de promocionar y asesorar a todos los vecinos en lo que [&hellip;]<\/p>\n","protected":false},"author":1,"featured_media":3647,"comment_status":"closed","ping_status":"closed","sticky":false,"template":"","format":"standard","meta":{"footnotes":""},"categories":[4,1,3],"tags":[],"class_list":["post-3646","post","type-post","status-publish","format-standard","has-post-thumbnail","hentry","category-ddhh","category-noticias","category-defensa-de-los-derechos-del-usuario-consumidor-contribuyentes"],"_links":{"self":[{"href":"https:\/\/defensoriaformosa.gob.ar\/index.php?rest_route=\/wp\/v2\/posts\/3646","targetHints":{"allow":["GET"]}}],"collection":[{"href":"https:\/\/defensoriaformosa.gob.ar\/index.php?rest_route=\/wp\/v2\/posts"}],"about":[{"href":"https:\/\/defensoriaformosa.gob.ar\/index.php?rest_route=\/wp\/v2\/types\/post"}],"author":[{"embeddable":true,"href":"https:\/\/defensoriaformosa.gob.ar\/index.php?rest_route=\/wp\/v2\/users\/1"}],"replies":[{"embeddable":true,"href":"https:\/\/defensoriaformosa.gob.ar\/index.php?rest_route=%2Fwp%2Fv2%2Fcomments&post=3646"}],"version-history":[{"count":1,"href":"https:\/\/defensoriaformosa.gob.ar\/index.php?rest_route=\/wp\/v2\/posts\/3646\/revisions"}],"predecessor-version":[{"id":3648,"href":"https:\/\/defensoriaformosa.gob.ar\/index.php?rest_route=\/wp\/v2\/posts\/3646\/revisions\/3648"}],"wp:featuredmedia":[{"embeddable":true,"href":"https:\/\/defensoriaformosa.gob.ar\/index.php?rest_route=\/wp\/v2\/media\/3647"}],"wp:attachment":[{"href":"https:\/\/defensoriaformosa.gob.ar\/index.php?rest_route=%2Fwp%2Fv2%2Fmedia&parent=3646"}],"wp:term":[{"taxonomy":"category","embeddable":true,"href":"https:\/\/defensoriaformosa.gob.ar\/index.php?rest_route=%2Fwp%2Fv2%2Fcategories&post=3646"},{"taxonomy":"post_tag","embeddable":true,"href":"https:\/\/defensoriaformosa.gob.ar\/index.php?rest_route=%2Fwp%2Fv2%2Ftags&post=3646"}],"curies":[{"name":"wp","href":"https:\/\/api.w.org\/{rel}","templated":true}]}}