{"id":3634,"date":"2016-08-02T20:13:12","date_gmt":"2016-08-02T23:13:12","guid":{"rendered":"http:\/\/2015.defensoriaformosa.gob.ar\/?p=3634"},"modified":"2016-08-02T20:13:12","modified_gmt":"2016-08-02T23:13:12","slug":"pidieron-intervencion-a-la-secretaria-de-comercio-de-nacion-y-la-aplicacion-de-leyes-contra-los-formadores-de-precios-intermediarios-y-a-favor-del-bolsillo-de-los-consumidores","status":"publish","type":"post","link":"https:\/\/defensoriaformosa.gob.ar\/?p=3634","title":{"rendered":"PIDIERON INTERVENCION A LA SECRETARIA DE COMERCIO DE NACION Y LA APLICACI\u00d3N DE LEYES CONTRA LOS FORMADORES DE PRECIOS, INTERMEDIARIOS Y A FAVOR DEL BOLSILLO DE LOS CONSUMIDORES"},"content":{"rendered":"<p style=\"text-align: justify;\"><strong>Tras un relevamiento\u00a0 confeccionado por el Cuerpo de Inspectores de la Defensor\u00eda del Pueblo en diferentes supermercados de nuestra ciudad en el d\u00eda de ayer, para constatar la existencia y los precios de la manteca en nuestro mercado local, arrojo como resultado que \u201cactualmente existe una escasa oferta y la que tienen los consumidores se limita a paquetes de 100 gramos desde $17,75 a $21 el de 200 desde $30,50 a $33.<\/strong><\/p>\n<p style=\"text-align: justify;\"><!--more--><\/p>\n<p style=\"text-align: justify;\">El Ombudsman Provincial, informo que se realizo un formal pedido al Secretario de Comercio de Naci\u00f3n, Miguel Braun para que el Estado Nacional, intervenga en el mercado aplicando las Leyes de Lealtad Comercial y de Defensa de la Competencia, como as\u00ed tambi\u00e9n las Ley N\u00ba 24.240 y su modificatoria Ley N\u00ba 26.361, a favor de los consumidores .<\/p>\n<p style=\"text-align: justify;\">Desde el Organismo de la Constituci\u00f3n, se afirmo que no coincidimos con el actual Ministro de Agricultura, Ricardo Buryaile, al haber afirmado , \u201cyo no puedo meterme ah\u00ed\u201d, ante la falta de manteca para los consumidores, ya que los productores y empresarios decidieron inclinarse por la producci\u00f3n de quesos\u00a0 y no por un subproducto de la leche como es la manteca. Gialluca afirmo, que Buryaile no se podr\u00e1 meter, tampoco se lo pedimos; pero s\u00ed el Estado Nacional a trav\u00e9s de sus Organismos Competentes deben si quiere ponerse del lado de los consumidores, actuar y para ello est\u00e1n las leyes que le permiten proceder en consecuencia y evitar que el mercado haga lo que quiera, pues el mismo\u00a0 va siempre detr\u00e1s de las mayores ganancias y nunca prioriza las necesidades de la gente.<\/p>\n<p style=\"text-align: justify;\">Por ello requerimos trasparentar todas las cadenas de producci\u00f3n y para ello el Estado debe realizar fiscalizaciones que son funciones naturales e inherentes al mismo, ahora si este Ministro afirma \u201cque lo \u00fanico que pueden hacer es sentarse y persuadir\u201d, realmente nos invade una gran desesperanza, no obstante lo cual continuaremos con todos los pedidos y acciones para que las empresas comprendan y el Estado las haga garantes de la Responsabilidad Social Empresarial que deben tener en nuestro mercado nacional.<\/p>\n","protected":false},"excerpt":{"rendered":"<p>Tras un relevamiento\u00a0 confeccionado por el Cuerpo de Inspectores de la Defensor\u00eda del Pueblo en diferentes supermercados de nuestra ciudad en el d\u00eda de ayer, para constatar la existencia y los precios de la manteca en nuestro mercado local, arrojo como resultado que \u201cactualmente existe una escasa oferta y la que tienen los consumidores se [&hellip;]<\/p>\n","protected":false},"author":1,"featured_media":3635,"comment_status":"closed","ping_status":"closed","sticky":false,"template":"","format":"standard","meta":{"footnotes":""},"categories":[1,3],"tags":[],"class_list":["post-3634","post","type-post","status-publish","format-standard","has-post-thumbnail","hentry","category-noticias","category-defensa-de-los-derechos-del-usuario-consumidor-contribuyentes"],"_links":{"self":[{"href":"https:\/\/defensoriaformosa.gob.ar\/index.php?rest_route=\/wp\/v2\/posts\/3634","targetHints":{"allow":["GET"]}}],"collection":[{"href":"https:\/\/defensoriaformosa.gob.ar\/index.php?rest_route=\/wp\/v2\/posts"}],"about":[{"href":"https:\/\/defensoriaformosa.gob.ar\/index.php?rest_route=\/wp\/v2\/types\/post"}],"author":[{"embeddable":true,"href":"https:\/\/defensoriaformosa.gob.ar\/index.php?rest_route=\/wp\/v2\/users\/1"}],"replies":[{"embeddable":true,"href":"https:\/\/defensoriaformosa.gob.ar\/index.php?rest_route=%2Fwp%2Fv2%2Fcomments&post=3634"}],"version-history":[{"count":1,"href":"https:\/\/defensoriaformosa.gob.ar\/index.php?rest_route=\/wp\/v2\/posts\/3634\/revisions"}],"predecessor-version":[{"id":3636,"href":"https:\/\/defensoriaformosa.gob.ar\/index.php?rest_route=\/wp\/v2\/posts\/3634\/revisions\/3636"}],"wp:featuredmedia":[{"embeddable":true,"href":"https:\/\/defensoriaformosa.gob.ar\/index.php?rest_route=\/wp\/v2\/media\/3635"}],"wp:attachment":[{"href":"https:\/\/defensoriaformosa.gob.ar\/index.php?rest_route=%2Fwp%2Fv2%2Fmedia&parent=3634"}],"wp:term":[{"taxonomy":"category","embeddable":true,"href":"https:\/\/defensoriaformosa.gob.ar\/index.php?rest_route=%2Fwp%2Fv2%2Fcategories&post=3634"},{"taxonomy":"post_tag","embeddable":true,"href":"https:\/\/defensoriaformosa.gob.ar\/index.php?rest_route=%2Fwp%2Fv2%2Ftags&post=3634"}],"curies":[{"name":"wp","href":"https:\/\/api.w.org\/{rel}","templated":true}]}}