{"id":356,"date":"2015-01-28T19:23:06","date_gmt":"2015-01-28T22:23:06","guid":{"rendered":"http:\/\/2015.defensoriaformosa.gob.ar\/?p=356"},"modified":"2015-01-28T19:23:06","modified_gmt":"2015-01-28T22:23:06","slug":"desde-la-defensoria-del-pueblo-se-dio-respuesta-a-los-reclamos-de-los-vecinos-del-barrio-villa-del-carmen","status":"publish","type":"post","link":"https:\/\/defensoriaformosa.gob.ar\/?p=356","title":{"rendered":"DESDE LA DEFENSORIA DEL PUEBLO, SE DIO RESPUESTA A LOS RECLAMOS DE LOS VECINOS DEL BARRIO VILLA DEL CARMEN"},"content":{"rendered":"<p style=\"text-align: justify;\"><strong>Ante las reiteradas denuncias de vecinos del B\u00ba Villa del Carmen, que han hecho p\u00fablico sus quejas por problemas que padecen en la zona y que se relacionan a la seguridad vial y a los constantes problemas en torno a la energ\u00eda el\u00e9ctrica desde \u2013 la Direcci\u00f3n de Derechos del Consumidor- Usuario y Contribuyentes, Relaciones de Consumo- de la Defensor\u00eda del Pueblo de la Provincia de Formosa, se notifico a los vecinos la Actuaci\u00f3n N\u00ba 104 \/15 con fecha 28\/01\/158 suscripta por el Jefe del Distrito 22 de la Direcci\u00f3n Nacional del Vialidad Ing. Horacio Luis Cu\u00f1o \u201c y en la cual dicho funcionario nacional deja nuevamente aclarado que conforme a lo prescripto por la Resoluci\u00f3n N\u00ba 422\/02 del Administrador General de la Direcci\u00f3n Nacional de Vialidad, est\u00e1 absolutamente prohibido la instalaci\u00f3n de badenes u hondadas en las Rutas Nacionales\u201d.<\/strong><\/p>\n<p style=\"text-align: justify;\"><!--more--><\/p>\n<p style=\"text-align: justify;\">El Ombudsman Provincial, Dr. Jos\u00e9 Leonardo Gialluca, se\u00f1alo tambi\u00e9n a los vecinos del barrio antes citados y zonas aleda\u00f1as que est\u00e1 en v\u00edas de aprobaci\u00f3n en cuanto a las banquinas y otras construcciones, el Plan de Obras de Conservacion Mejorativa y Seguridad Vial para todo ese tramo de la Ruta Nacional N\u00ba11 y al que se le viene a complementar la ejecuci\u00f3n de la obra en curso del \u201cProyecto y Construcci\u00f3n de Autov\u00eda Multitrocha- Ruta Nacional N\u00ba 11- Provincia de Formosa, mediante el Convenio Bilateral de la Direcci\u00f3n Provincial y Nacional de Vialidad \u2013 la cual se llevara a cabo como es de p\u00fablico conocimiento en este a\u00f1o 2015-.<\/p>\n<p style=\"text-align: justify;\">Asimismo, se\u00f1alo el Defensor, que todo lo relativo a un mayor control en lo que respecta a las velocidades de los veh\u00edculos particulares, de cargas y de transporte urbano e interurbano \u201cse ha puesto en conocimiento para que se arbitren las medidas urgente y pertinentes al Director de Seguridad Vial, Ing. Fernando Inchausti Diaz Colodrero, dependiente del Ministerio de Gobierno, Justicia y Trabajo, y as\u00ed garantizar la seguridad p\u00fablica y de cada uno de los vecinos del B\u00ba Villa del Carmen\u201d.<\/p>\n","protected":false},"excerpt":{"rendered":"<p>Ante las reiteradas denuncias de vecinos del B\u00ba Villa del Carmen, que han hecho p\u00fablico sus quejas por problemas que padecen en la zona y que se relacionan a la seguridad vial y a los constantes problemas en torno a la energ\u00eda el\u00e9ctrica desde \u2013 la Direcci\u00f3n de Derechos del Consumidor- Usuario y Contribuyentes, Relaciones [&hellip;]<\/p>\n","protected":false},"author":1,"featured_media":357,"comment_status":"closed","ping_status":"closed","sticky":false,"template":"","format":"standard","meta":{"footnotes":""},"categories":[1],"tags":[],"class_list":["post-356","post","type-post","status-publish","format-standard","has-post-thumbnail","hentry","category-noticias"],"_links":{"self":[{"href":"https:\/\/defensoriaformosa.gob.ar\/index.php?rest_route=\/wp\/v2\/posts\/356","targetHints":{"allow":["GET"]}}],"collection":[{"href":"https:\/\/defensoriaformosa.gob.ar\/index.php?rest_route=\/wp\/v2\/posts"}],"about":[{"href":"https:\/\/defensoriaformosa.gob.ar\/index.php?rest_route=\/wp\/v2\/types\/post"}],"author":[{"embeddable":true,"href":"https:\/\/defensoriaformosa.gob.ar\/index.php?rest_route=\/wp\/v2\/users\/1"}],"replies":[{"embeddable":true,"href":"https:\/\/defensoriaformosa.gob.ar\/index.php?rest_route=%2Fwp%2Fv2%2Fcomments&post=356"}],"version-history":[{"count":1,"href":"https:\/\/defensoriaformosa.gob.ar\/index.php?rest_route=\/wp\/v2\/posts\/356\/revisions"}],"predecessor-version":[{"id":358,"href":"https:\/\/defensoriaformosa.gob.ar\/index.php?rest_route=\/wp\/v2\/posts\/356\/revisions\/358"}],"wp:featuredmedia":[{"embeddable":true,"href":"https:\/\/defensoriaformosa.gob.ar\/index.php?rest_route=\/wp\/v2\/media\/357"}],"wp:attachment":[{"href":"https:\/\/defensoriaformosa.gob.ar\/index.php?rest_route=%2Fwp%2Fv2%2Fmedia&parent=356"}],"wp:term":[{"taxonomy":"category","embeddable":true,"href":"https:\/\/defensoriaformosa.gob.ar\/index.php?rest_route=%2Fwp%2Fv2%2Fcategories&post=356"},{"taxonomy":"post_tag","embeddable":true,"href":"https:\/\/defensoriaformosa.gob.ar\/index.php?rest_route=%2Fwp%2Fv2%2Ftags&post=356"}],"curies":[{"name":"wp","href":"https:\/\/api.w.org\/{rel}","templated":true}]}}