{"id":349,"date":"2015-01-27T17:18:05","date_gmt":"2015-01-27T20:18:05","guid":{"rendered":"http:\/\/2015.defensoriaformosa.gob.ar\/?p=349"},"modified":"2015-01-27T17:18:05","modified_gmt":"2015-01-27T20:18:05","slug":"la-defensoria-del-pueblo-califico-al-corte-de-la-ruta-no-86-como-una-accion-planeada-y-creada-por-holgazanes-con-fines-politicos","status":"publish","type":"post","link":"https:\/\/defensoriaformosa.gob.ar\/?p=349","title":{"rendered":"LA DEFENSORIA DEL PUEBLO CALIFICO AL CORTE DE LA RUTA N\u00ba 86 COMO UNA ACCION PLANEADA Y CREADA POR HOLGAZANES CON FINES POLITICOS"},"content":{"rendered":"<p style=\"text-align: justify;\"><strong>Frente a los reclamos, quejas y denuncias de ciudadanos, como tambi\u00e9n de comerciantes y empresas que deben transportar pasajeros, combustibles, garrafas y diversos productos por la Ruta Nacional N\u00ba 86; como adem\u00e1s el tr\u00e1nsito de ambulancias, etc., la -Direcci\u00f3n de Derechos Humanos y Grupos Minoritarios, Discriminaci\u00f3n, Xenofobia, Trata de Personas, Discapacidad-, de la Defensor\u00eda del Pueblo de la Provincia de Formosa, imput\u00f3 y responsabilizo por cualquier accidente vial o altercados al Se\u00f1or H\u00e9ctor Alonso, F\u00e9lix D\u00edaz, las caras visibles actualmente de la ilegal interrupci\u00f3n del libre tr\u00e1nsito en la Ruta Nacional N\u00ba 86, mas los autores intelectuales de este delito federal, que impiden hasta la fecha el tr\u00e1nsito por la traza antes citada, perjudicando a miles de ciudadanos y complic\u00e1ndoles la vida .<\/strong><\/p>\n<p><!--more--><\/p>\n<p style=\"text-align: justify;\">El Ombudsman Provincial, Dr. Jos\u00e9 Leonardo Gialluca, se\u00f1alo que las demandas que han originado este delito que se mantiene en el tiempo ya han sido totalmente gestionadas y dos de las tres est\u00e1n en plena ejecuci\u00f3n. As\u00ed se\u00f1alo el funcionario que mediante Actuaci\u00f3n N\u00ba 120\/15 se denuncio a la Cooperativa de Obras y Servicios P\u00fablicos Clorinda Ltda., en la cabeza de su Presidente Don Juan Jos\u00e9 Bogarin para que releve y ejecute todas las tareas de instalaciones, conexiones y otras de electrificaci\u00f3n rural a mas de 30 familias en la Comunidad de la Primavera.<\/p>\n<p style=\"text-align: justify;\">Tambi\u00e9n el Defensor del Pueblo denuncio que los mismos piqueteros, no han permitido trabajar libremente a maquinarias de Vialidad, no obstante lo cual mediante Actuaci\u00f3n N\u00ba 118\/15 se solicito al Administrador General de Vialidad Provincial, que se proceda a un trabajo integral con cambio de alcantarillas en los caminos de acceso a dicha zona. Por \u00faltimo, a trav\u00e9s de la Actuaci\u00f3n N\u00ba 119\/15 se pidi\u00f3 informes al Administrador General del IPV, quien ya adelanto que de las 450 familias censadas, 300 poseen a la fecha viviendas construidas y que unas 80 est\u00e1n siendo ejecutadas en grupos de 6 por cuatro empresas que son controladas permanentemente.<\/p>\n<p style=\"text-align: justify;\">El Ombudsman Provincial, denuncio tambi\u00e9n que el Se\u00f1or F\u00e9lix D\u00edaz y algunos de sus parientes \u201cimpiden o no permiten que se les construya sus propias viviendas, para aparecer como discriminados por el Estado Nacional, Provincial y este Organismo de la Constituci\u00f3n; conducta esta que est\u00e1 absolutamente planificada para originar llamados de atenci\u00f3n a la prensa nacional y local, y llevando adelante toda una serie de denuncias, pues F\u00e9lix D\u00edaz apuesta siempre a la violencia, a la mentira y no al trabajo mancomunado, solidario, planificado, para que los problemas queden atr\u00e1s y el desarrollo con una vida digna se instale definitivamente en la Comunidad de la Primavera, que es lo que queremos y deseamos todos, salvo este pseudo dirigente que esta desde hace a\u00f1os encandilado por las marquesinas de las grandes ciudades adonde acude y sus eventuales anfitriones desacostumbrados y desconocedores de la realidad formose\u00f1a de los Pueblos Originarios- compran los cuentos e inventos de este ciudadano\u201d-<\/p>\n","protected":false},"excerpt":{"rendered":"<p>Frente a los reclamos, quejas y denuncias de ciudadanos, como tambi\u00e9n de comerciantes y empresas que deben transportar pasajeros, combustibles, garrafas y diversos productos por la Ruta Nacional N\u00ba 86; como adem\u00e1s el tr\u00e1nsito de ambulancias, etc., la -Direcci\u00f3n de Derechos Humanos y Grupos Minoritarios, Discriminaci\u00f3n, Xenofobia, Trata de Personas, Discapacidad-, de la Defensor\u00eda del [&hellip;]<\/p>\n","protected":false},"author":1,"featured_media":350,"comment_status":"closed","ping_status":"closed","sticky":false,"template":"","format":"standard","meta":{"footnotes":""},"categories":[4,1],"tags":[],"class_list":["post-349","post","type-post","status-publish","format-standard","has-post-thumbnail","hentry","category-ddhh","category-noticias"],"_links":{"self":[{"href":"https:\/\/defensoriaformosa.gob.ar\/index.php?rest_route=\/wp\/v2\/posts\/349","targetHints":{"allow":["GET"]}}],"collection":[{"href":"https:\/\/defensoriaformosa.gob.ar\/index.php?rest_route=\/wp\/v2\/posts"}],"about":[{"href":"https:\/\/defensoriaformosa.gob.ar\/index.php?rest_route=\/wp\/v2\/types\/post"}],"author":[{"embeddable":true,"href":"https:\/\/defensoriaformosa.gob.ar\/index.php?rest_route=\/wp\/v2\/users\/1"}],"replies":[{"embeddable":true,"href":"https:\/\/defensoriaformosa.gob.ar\/index.php?rest_route=%2Fwp%2Fv2%2Fcomments&post=349"}],"version-history":[{"count":1,"href":"https:\/\/defensoriaformosa.gob.ar\/index.php?rest_route=\/wp\/v2\/posts\/349\/revisions"}],"predecessor-version":[{"id":351,"href":"https:\/\/defensoriaformosa.gob.ar\/index.php?rest_route=\/wp\/v2\/posts\/349\/revisions\/351"}],"wp:featuredmedia":[{"embeddable":true,"href":"https:\/\/defensoriaformosa.gob.ar\/index.php?rest_route=\/wp\/v2\/media\/350"}],"wp:attachment":[{"href":"https:\/\/defensoriaformosa.gob.ar\/index.php?rest_route=%2Fwp%2Fv2%2Fmedia&parent=349"}],"wp:term":[{"taxonomy":"category","embeddable":true,"href":"https:\/\/defensoriaformosa.gob.ar\/index.php?rest_route=%2Fwp%2Fv2%2Fcategories&post=349"},{"taxonomy":"post_tag","embeddable":true,"href":"https:\/\/defensoriaformosa.gob.ar\/index.php?rest_route=%2Fwp%2Fv2%2Ftags&post=349"}],"curies":[{"name":"wp","href":"https:\/\/api.w.org\/{rel}","templated":true}]}}