{"id":345,"date":"2015-01-26T18:02:10","date_gmt":"2015-01-26T21:02:10","guid":{"rendered":"http:\/\/2015.defensoriaformosa.gob.ar\/?p=345"},"modified":"2015-01-26T18:02:10","modified_gmt":"2015-01-26T21:02:10","slug":"informe-de-desarrollo-humano-a-la-defensoria-da-cuenta-que-las-demandas-sanitarias-de-primer-grado-en-bo-nanqom-y-aledanos-estan-cubiertas-en-un-90","status":"publish","type":"post","link":"https:\/\/defensoriaformosa.gob.ar\/?p=345","title":{"rendered":"INFORME DE DESARROLLO HUMANO A LA DEFENSOR\u00cdA DA CUENTA QUE LAS DEMANDAS SANITARIAS DE PRIMER GRADO EN B\u00ba NANQOM Y ALEDA\u00d1OS EST\u00c1N CUBIERTAS EN UN 90 %"},"content":{"rendered":"<p style=\"text-align: justify;\"><strong>As\u00ed fue informada el \u00c1rea de Salud de la Defensor\u00eda del Pueblo, por parte del Ministerio de Desarrollo Humano de la Provincia. La solicitud, surgi\u00f3 luego de que un grupo de residentes del B\u00ba Nanqom, expresaran ante el Organismo de la Constituci\u00f3n que el \u00e1rea sanitaria provincial evidenciaba deficiencias, como la falta de atenci\u00f3n m\u00e9dica los domingos y feriados y dificultades con los traslados de pacientes.<\/strong><\/p>\n<p><!--more--><\/p>\n<p style=\"text-align: justify;\">Motivo por el cual, desde la Defensor\u00eda, se curs\u00f3 un pedido de informes con car\u00e1cter de \u201cmuy urgente\u201d, a efectos de que se comuniquen las novedades respecto del particular. En un extenso documento, desde el Ministerio de Desarrollo Humano, se inform\u00f3 que un 90 % de las demandas sanitarias de primer grado son atendidas en el Barrio y el 10 %, que reviste una complejidad m\u00e1s alta, se deriva a centros de salud especializados dentro de nuestra Provincia. La poblaci\u00f3n total entre Nanqom, LR 31, LR 33 y LR 67 est\u00e1 integrada por, aproximadamente, 3.839 personas, las cuales concentran su atenci\u00f3n sanitaria en el moderno Centro de Salud del B\u00ba Nanqom. Sobre este particular, el Defensor del Pueblo, Jos\u00e9 Leonardo Gialluca expres\u00f3: \u201cEsta semana, llevaremos adelante reuniones informativas conjuntamente con funcionarios del Ministerio de Desarrollo Humano, de la Municipalidad de Formosa y los integrantes de las referidas comunidades, pues la idea es trabajar con la poblaci\u00f3n, de manera directa, sobre las demandas que presenten. En el Centro de Salud del barrio, abund\u00f3, los vecinos reciben, diariamente, atenci\u00f3n m\u00e9dica, obst\u00e9trica, ginecol\u00f3gica y odontol\u00f3gica, desarrollando su actividad, en el lugar, aparte de los m\u00e9dicos, cinco agentes sanitarios originarios, tres t\u00e9cnicos radi\u00f3logos, dos obstetras, estando disponible, de manera permanente, adem\u00e1s del instrumental propio de un establecimiento de las caracter\u00edsticas del Centro, un ec\u00f3grafo. El Ombudsman Provincial, finalmente, remarc\u00f3 que no existe sistema perfecto y que, seguramente, los recursos humanos y materiales que la cartera sanitaria provincial pone a disposici\u00f3n de las comunidades de Nanqom y aleda\u00f1os, pueden optimizarse para un mejor rendimiento. Como el caso de los traslados y otras cuestiones cotidianas que, como se expresara, con el concurso de la comunidad y el acompa\u00f1amiento de las autoridades, seguramente, se ir\u00e1n mejorando.-\u201d<\/p>\n","protected":false},"excerpt":{"rendered":"<p>As\u00ed fue informada el \u00c1rea de Salud de la Defensor\u00eda del Pueblo, por parte del Ministerio de Desarrollo Humano de la Provincia. La solicitud, surgi\u00f3 luego de que un grupo de residentes del B\u00ba Nanqom, expresaran ante el Organismo de la Constituci\u00f3n que el \u00e1rea sanitaria provincial evidenciaba deficiencias, como la falta de atenci\u00f3n m\u00e9dica [&hellip;]<\/p>\n","protected":false},"author":1,"featured_media":338,"comment_status":"closed","ping_status":"closed","sticky":false,"template":"","format":"standard","meta":{"footnotes":""},"categories":[1],"tags":[],"class_list":["post-345","post","type-post","status-publish","format-standard","has-post-thumbnail","hentry","category-noticias"],"_links":{"self":[{"href":"https:\/\/defensoriaformosa.gob.ar\/index.php?rest_route=\/wp\/v2\/posts\/345","targetHints":{"allow":["GET"]}}],"collection":[{"href":"https:\/\/defensoriaformosa.gob.ar\/index.php?rest_route=\/wp\/v2\/posts"}],"about":[{"href":"https:\/\/defensoriaformosa.gob.ar\/index.php?rest_route=\/wp\/v2\/types\/post"}],"author":[{"embeddable":true,"href":"https:\/\/defensoriaformosa.gob.ar\/index.php?rest_route=\/wp\/v2\/users\/1"}],"replies":[{"embeddable":true,"href":"https:\/\/defensoriaformosa.gob.ar\/index.php?rest_route=%2Fwp%2Fv2%2Fcomments&post=345"}],"version-history":[{"count":1,"href":"https:\/\/defensoriaformosa.gob.ar\/index.php?rest_route=\/wp\/v2\/posts\/345\/revisions"}],"predecessor-version":[{"id":346,"href":"https:\/\/defensoriaformosa.gob.ar\/index.php?rest_route=\/wp\/v2\/posts\/345\/revisions\/346"}],"wp:featuredmedia":[{"embeddable":true,"href":"https:\/\/defensoriaformosa.gob.ar\/index.php?rest_route=\/wp\/v2\/media\/338"}],"wp:attachment":[{"href":"https:\/\/defensoriaformosa.gob.ar\/index.php?rest_route=%2Fwp%2Fv2%2Fmedia&parent=345"}],"wp:term":[{"taxonomy":"category","embeddable":true,"href":"https:\/\/defensoriaformosa.gob.ar\/index.php?rest_route=%2Fwp%2Fv2%2Fcategories&post=345"},{"taxonomy":"post_tag","embeddable":true,"href":"https:\/\/defensoriaformosa.gob.ar\/index.php?rest_route=%2Fwp%2Fv2%2Ftags&post=345"}],"curies":[{"name":"wp","href":"https:\/\/api.w.org\/{rel}","templated":true}]}}