{"id":342,"date":"2015-01-26T17:58:33","date_gmt":"2015-01-26T20:58:33","guid":{"rendered":"http:\/\/2015.defensoriaformosa.gob.ar\/?p=342"},"modified":"2015-01-26T17:58:33","modified_gmt":"2015-01-26T20:58:33","slug":"nueva-caida-de-los-sistemas-de-celulares-e-internet-en-la-provincia","status":"publish","type":"post","link":"https:\/\/defensoriaformosa.gob.ar\/?p=342","title":{"rendered":"NUEVA CAIDA DE LOS SISTEMAS DE CELULARES E INTERNET EN LA PROVINCIA"},"content":{"rendered":"<p style=\"text-align: justify;\"><strong>Desde la Defensor\u00eda aseguran que es inaceptable la precariedad con que funcionan de los sistemas de comunicaciones concesionados.<\/strong><\/p>\n<p style=\"text-align: justify;\"><!--more--><\/p>\n<p style=\"text-align: justify;\">Desde la Defensor\u00eda del Pueblo, su titular, Jos\u00e9 Leonardo Gialluca, calific\u00f3 de \u201cburla para los usuarios\u201d a la autocalificaci\u00f3n que se dan las compa\u00f1\u00edas de telefon\u00eda celular en la Provincia, quienes consideran al servicio que prestan como bueno. \u00bf Como pueden considerar bueno un servicio que, con el mero corte de una fibra \u00f3ptica, carece de apoyatura t\u00e9cnica para evitar que, virtualmente, los formose\u00f1os quedemos aislados del mundo? Ayer, durante tres horas, no fue posible concretar comunicaciones telef\u00f3nicas por tel\u00e9fonos fijos, m\u00f3viles e incluso con algunos servidores de Internet \u00bfpuede esto llamarse un servicio bueno?, todav\u00eda no termina el primer mes del a\u00f1o y es el segundo incidente de la misma naturaleza que se produce. Ni que hablar de las comunicaciones, las compa\u00f1\u00edas exhiben orgullosas porcentajes de incomunicaci\u00f3n que van desde un 30 a un 48 %, es un atropello para el usuario lo que est\u00e1 sucediendo. Hemos acudido a numerosas instancias legales, tanto administrativas como judiciales, en la que solicitamos se ordene revertir la espantosa situaci\u00f3n actual. Denunciamos, como es debido, este nuevo hecho, que al parecer tendr\u00eda su origen en un nuevo corte de la fibra \u00f3ptica en territorio Chaque\u00f1o.<\/p>\n<p style=\"text-align: justify;\">Asimismo solicitamos a la Comisi\u00f3n Nacional de Comunicaciones (CNC) Delegaci\u00f3n Formosa que compense a los usuarios. No desconocemos que esta situaci\u00f3n ya llega al hast\u00edo, la gente no quiere ser compensada con siete pesos, por incidentes como el ocurrido ayer, lo que se quiere es que los que est\u00e1n obligados a prestarnos el servicio lo hagan, sino que se vayan y vengan otros que son capaces de hacerlo, finaliz\u00f3 diciendo el funcionario, estamos recabando los antecedentes para acudir a instancias superiores, dentro de la misma empresa y a organismos administrativos y judiciales nacionales con competencia especial en la materia, que son las v\u00edas que a\u00fan nos quedan, ante la falta de respuesta a las instancias hasta ahora formuladas incluso ante la Justicia Federal, para la cual, esta cuesti\u00f3n no es urgente.-<\/p>\n","protected":false},"excerpt":{"rendered":"<p>Desde la Defensor\u00eda aseguran que es inaceptable la precariedad con que funcionan de los sistemas de comunicaciones concesionados.<\/p>\n","protected":false},"author":1,"featured_media":343,"comment_status":"closed","ping_status":"closed","sticky":false,"template":"","format":"standard","meta":{"footnotes":""},"categories":[1,3],"tags":[],"class_list":["post-342","post","type-post","status-publish","format-standard","has-post-thumbnail","hentry","category-noticias","category-defensa-de-los-derechos-del-usuario-consumidor-contribuyentes"],"_links":{"self":[{"href":"https:\/\/defensoriaformosa.gob.ar\/index.php?rest_route=\/wp\/v2\/posts\/342","targetHints":{"allow":["GET"]}}],"collection":[{"href":"https:\/\/defensoriaformosa.gob.ar\/index.php?rest_route=\/wp\/v2\/posts"}],"about":[{"href":"https:\/\/defensoriaformosa.gob.ar\/index.php?rest_route=\/wp\/v2\/types\/post"}],"author":[{"embeddable":true,"href":"https:\/\/defensoriaformosa.gob.ar\/index.php?rest_route=\/wp\/v2\/users\/1"}],"replies":[{"embeddable":true,"href":"https:\/\/defensoriaformosa.gob.ar\/index.php?rest_route=%2Fwp%2Fv2%2Fcomments&post=342"}],"version-history":[{"count":1,"href":"https:\/\/defensoriaformosa.gob.ar\/index.php?rest_route=\/wp\/v2\/posts\/342\/revisions"}],"predecessor-version":[{"id":344,"href":"https:\/\/defensoriaformosa.gob.ar\/index.php?rest_route=\/wp\/v2\/posts\/342\/revisions\/344"}],"wp:featuredmedia":[{"embeddable":true,"href":"https:\/\/defensoriaformosa.gob.ar\/index.php?rest_route=\/wp\/v2\/media\/343"}],"wp:attachment":[{"href":"https:\/\/defensoriaformosa.gob.ar\/index.php?rest_route=%2Fwp%2Fv2%2Fmedia&parent=342"}],"wp:term":[{"taxonomy":"category","embeddable":true,"href":"https:\/\/defensoriaformosa.gob.ar\/index.php?rest_route=%2Fwp%2Fv2%2Fcategories&post=342"},{"taxonomy":"post_tag","embeddable":true,"href":"https:\/\/defensoriaformosa.gob.ar\/index.php?rest_route=%2Fwp%2Fv2%2Ftags&post=342"}],"curies":[{"name":"wp","href":"https:\/\/api.w.org\/{rel}","templated":true}]}}