{"id":340,"date":"2015-01-26T17:56:35","date_gmt":"2015-01-26T20:56:35","guid":{"rendered":"http:\/\/2015.defensoriaformosa.gob.ar\/?p=340"},"modified":"2015-01-27T00:34:49","modified_gmt":"2015-01-27T03:34:49","slug":"denuncio-la-defensoria-del-pueblo-grave-desinversion-de-las-empresas-transnea-y-transener-s-a-en-la-operacion-y-mantenimiento-de-las-lineas-y-estaciones-transformadoras-a-su-cargo-en-el-nea","status":"publish","type":"post","link":"https:\/\/defensoriaformosa.gob.ar\/?p=340","title":{"rendered":"DENUNCIO LA DEFENSORIA DEL PUEBLO, GRAVE DESINVERSION DE LAS EMPRESAS TRANSNEA Y TRANSENER S.A, EN LA OPERACI\u00d3N Y MANTENIMIENTO DE LAS LINEAS Y ESTACIONES TRANSFORMADORAS A SU CARGO EN EL NEA"},"content":{"rendered":"<p style=\"text-align: justify;\"><strong>Se denuncio desde la Defensor\u00eda del Pueblo, por ante el Ministerio de Planificaci\u00f3n Federal, Inversi\u00f3n P\u00fablica y Servicios de Naci\u00f3n, \u201cla grave falta de inversiones por parte de la Empresa Transportista de Energ\u00eda El\u00e9ctrica por Distribuci\u00f3n Troncal del Noreste Argentino S. A (TRANSNEA); que es la \u00fanica Transportista de Energ\u00eda para que funcione correctamente REFSA en Formosa y otras empresas distribuidoras en las provincias vecinas del Chaco y Corriente\u201d.<\/strong><\/p>\n<p><!--more--><\/p>\n<p style=\"text-align: justify;\">El Ombudsman Provincial, Dr. Jos\u00e9 Leonardo Gialluca, manifest\u00f3 que esta firma creada all\u00e1 por el a\u00f1o 1994, al inicio de los procesos de concesi\u00f3n a empresas privadas, tanto del transporte y distribuci\u00f3n de la energ\u00eda en nuestro pa\u00eds, han incumplido con pr\u00e1cticamente todos sus anuncios y promesas, conjuntamente a la firma TRANSENER S.A, perjudicando a usuarios residenciales, comerciales e industriales de todo el NEA.<\/p>\n<p style=\"text-align: justify;\">La salida de servicio de sus sistemas o transformadores de las diferentes estaciones de transporte (E.T), concesionadas a TRANSNEA S.A, y operadas en algunos casos por TRANSENER, \u201cdejan much\u00edsimo que desear, siendo las mismas las responsables UNICAMENTE DE LA OPERACI\u00d3N Y MANTENIMIENTO DE LAS LINEAS DE ALTA TENSION\u201d, y ello surge as\u00ed de los inadecuados Contratos de Concesi\u00f3n suscriptos oportunamente \u201cdonde los redactores se olvidaron, pareciera, de obligarlas a concretar \u2013 nuevas inversiones- pero a\u00fan as\u00ed, estas empresas no invierten lo m\u00ednimo indispensable para mantener las l\u00edneas de alta tensi\u00f3n y que estas sean eficientes para nuestras distribuidoras, por lo que desde el Organismo de la Constituci\u00f3n Provincial, se considero que existe una serie de responsabilidades compartidas tanto por las \u00c1reas Competentes del Estado Nacional, y los Titulares o Responsables de las compa\u00f1\u00edas antes citadas.<\/p>\n<p style=\"text-align: justify;\">Por \u00faltimo el funcionario menciono, que en la denuncia elevada, se pide una Auditoria sobre las mismas, \u201cpara que podamos conocer a ciencia cierta, cuales son las reales inversiones practicadas, en mantenimiento y operaciones de las l\u00edneas de transporte de energ\u00eda\u201d, y de esa manera poder probar fehacientemente, su exclusiva responsabilidad en lo que se puede identificar como una prestaci\u00f3n de servicio, no solamente irregular, sino tambi\u00e9n totalmente inconcebible, por lo cual entrar\u00edan sin mucho esfuerzo en las causales de rescisiones contractuales previstas en la normativa vigente. A ello, debemos sumarle que para nuestra provincia, ni siquiera poseen una oficina o personal t\u00e9cnico que pueda encargarse de la m\u00e1s m\u00ednima contingencia que se produzca en el transporte de los sistemas y estaciones transformadoras de energ\u00eda, a lo cual se le suma su falta de responsabilidad ante los silencios y falta de informaci\u00f3n oficial de las empresas, de las causas o motivos que provocan sus permanentes salidas de servicio.<\/p>\n","protected":false},"excerpt":{"rendered":"<p>Se denuncio desde la Defensor\u00eda del Pueblo, por ante el Ministerio de Planificaci\u00f3n Federal, Inversi\u00f3n P\u00fablica y Servicios de Naci\u00f3n, \u201cla grave falta de inversiones por parte de la Empresa Transportista de Energ\u00eda El\u00e9ctrica por Distribuci\u00f3n Troncal del Noreste Argentino S. A (TRANSNEA); que es la \u00fanica Transportista de Energ\u00eda para que funcione correctamente REFSA [&hellip;]<\/p>\n","protected":false},"author":1,"featured_media":348,"comment_status":"closed","ping_status":"closed","sticky":false,"template":"","format":"standard","meta":{"footnotes":""},"categories":[1],"tags":[],"class_list":["post-340","post","type-post","status-publish","format-standard","has-post-thumbnail","hentry","category-noticias"],"_links":{"self":[{"href":"https:\/\/defensoriaformosa.gob.ar\/index.php?rest_route=\/wp\/v2\/posts\/340","targetHints":{"allow":["GET"]}}],"collection":[{"href":"https:\/\/defensoriaformosa.gob.ar\/index.php?rest_route=\/wp\/v2\/posts"}],"about":[{"href":"https:\/\/defensoriaformosa.gob.ar\/index.php?rest_route=\/wp\/v2\/types\/post"}],"author":[{"embeddable":true,"href":"https:\/\/defensoriaformosa.gob.ar\/index.php?rest_route=\/wp\/v2\/users\/1"}],"replies":[{"embeddable":true,"href":"https:\/\/defensoriaformosa.gob.ar\/index.php?rest_route=%2Fwp%2Fv2%2Fcomments&post=340"}],"version-history":[{"count":1,"href":"https:\/\/defensoriaformosa.gob.ar\/index.php?rest_route=\/wp\/v2\/posts\/340\/revisions"}],"predecessor-version":[{"id":341,"href":"https:\/\/defensoriaformosa.gob.ar\/index.php?rest_route=\/wp\/v2\/posts\/340\/revisions\/341"}],"wp:featuredmedia":[{"embeddable":true,"href":"https:\/\/defensoriaformosa.gob.ar\/index.php?rest_route=\/wp\/v2\/media\/348"}],"wp:attachment":[{"href":"https:\/\/defensoriaformosa.gob.ar\/index.php?rest_route=%2Fwp%2Fv2%2Fmedia&parent=340"}],"wp:term":[{"taxonomy":"category","embeddable":true,"href":"https:\/\/defensoriaformosa.gob.ar\/index.php?rest_route=%2Fwp%2Fv2%2Fcategories&post=340"},{"taxonomy":"post_tag","embeddable":true,"href":"https:\/\/defensoriaformosa.gob.ar\/index.php?rest_route=%2Fwp%2Fv2%2Ftags&post=340"}],"curies":[{"name":"wp","href":"https:\/\/api.w.org\/{rel}","templated":true}]}}