{"id":332,"date":"2015-01-23T19:35:50","date_gmt":"2015-01-23T22:35:50","guid":{"rendered":"http:\/\/2015.defensoriaformosa.gob.ar\/?p=332"},"modified":"2015-01-23T19:35:50","modified_gmt":"2015-01-23T22:35:50","slug":"la-defensoria-del-pueblo-brinda-a-los-pequenos-y-medianos-productores-instrumentos-para-que-accedan-sin-retrasos-ni-gastos-a-los-beneficios-de-la-emergencia-agropecuaria","status":"publish","type":"post","link":"https:\/\/defensoriaformosa.gob.ar\/?p=332","title":{"rendered":"LA DEFENSORIA DEL PUEBLO BRINDA A LOS PEQUE\u00d1OS Y MEDIANOS PRODUCTORES, INSTRUMENTOS PARA QUE ACCEDAN SIN RETRASOS, NI GASTOS A LOS BENEFICIOS DE LA EMERGENCIA AGROPECUARIA"},"content":{"rendered":"<p style=\"text-align: justify;\"><strong>Tal cual lo hab\u00eda anticipado la Defensor\u00eda del Pueblo de la Provincia de Formosa, luego de las gestiones realizadas, conjuntamente con el Subsecretario de Producci\u00f3n Sustentable Ing. Alejandro Garcia; en la Localidad de Colonia Laguna Naineck, con el referente del sector bananero P\u00e1nfilo Ayala quien junto a otros productores, pretend\u00edan interrumpir el libre tr\u00e1nsito de la Ruta Nacional N\u00ba 86 por tiempo indeterminado, o crear inconvenientes en el paso fronterizo internacional de Falc\u00f3n; en el d\u00eda de ayer y conforme a lo comprometido oportunamente, las Autoridades Competentes del Gobierno de la Provincia iniciaron los pagos de los fondos correspondientes a la emergencia agropecuaria.<\/strong><\/p>\n<p><!--more--><\/p>\n<p style=\"text-align: justify;\">El Ombudsman Provincial Dr. Jos\u00e9 Leonardo Gialluca expreso que, estos recursos llegaran a todos los productores bananeros, algodoneros y otros, solicitando que todos los productores cumplan con los requisitos administrativos y legales correspondientes para poder cobrar sus beneficios a trav\u00e9s del Banco Formosa S.A.; pues tal como lo indicara el Subsecretario de Producci\u00f3n Sustentable \u201cerrores en los nombres o en los n\u00fameros de documentos retardar\u00edan la percepci\u00f3n de los aportes\u201d.<\/p>\n<p style=\"text-align: justify;\">En este sentido la Defensor\u00eda del Pueblo, ofreci\u00f3 a todos los productores de nuestro interior provinical que quieran hacer llegar correcciones de datos o cualquier otra informaci\u00f3n al Ministerio de la Producci\u00f3n y Ambiente presidida por Ra\u00fal Quintana, que hagan uso del telefax 0370-4436379 o a los correos electr\u00f3nicos: <a href=\"mailto:denuncia@formosa.gov.ar\">denuncia@formosa.gov.ar<\/a> y\/o <a href=\"mailto:depuefor@fibertel.com.ar\">depuefor@fibertel.com.ar<\/a> para poder evitar p\u00e9rdidas de tiempo innecesarias y principalmente gastos econ\u00f3micos de traslados hasta nuestra Ciudad Capital por parte de los peque\u00f1os y medianos productores.<\/p>\n<p style=\"text-align: justify;\">Por \u00faltimo, desde la Defensor\u00eda del Pueblo se ratifico que este tipo de inconvenientes \u201csiempre debe ser canalizado institucionalmente, a trav\u00e9s del dialogo, puesto que est\u00e1 demostrado que existe todo una voluntad de pol\u00edticas p\u00fablicas, para todos los agricultores de nuestra provincia, sin discriminaci\u00f3n alguna, con los trabajos en Red del INTA, de los Centros de Validaci\u00f3n Tecnolog\u00edas Agropecuarias (CEDEVA), del INTI, del Ministerio de la Producci\u00f3n y Ambiente, de la Universidad Nacional de Formosa y de las Entidades Agropecuarias de nuestro medios, para concretar acciones diversas de inclusi\u00f3n, principalmente hacia los peque\u00f1os y medianos productores, cuando han sido estos \u00faltimos castigados por cuestiones clim\u00e1ticas, que nadie puede manejar.\u201d<\/p>\n","protected":false},"excerpt":{"rendered":"<p>Tal cual lo hab\u00eda anticipado la Defensor\u00eda del Pueblo de la Provincia de Formosa, luego de las gestiones realizadas, conjuntamente con el Subsecretario de Producci\u00f3n Sustentable Ing. Alejandro Garcia; en la Localidad de Colonia Laguna Naineck, con el referente del sector bananero P\u00e1nfilo Ayala quien junto a otros productores, pretend\u00edan interrumpir el libre tr\u00e1nsito de [&hellip;]<\/p>\n","protected":false},"author":1,"featured_media":288,"comment_status":"closed","ping_status":"closed","sticky":false,"template":"","format":"standard","meta":{"footnotes":""},"categories":[1],"tags":[],"class_list":["post-332","post","type-post","status-publish","format-standard","has-post-thumbnail","hentry","category-noticias"],"_links":{"self":[{"href":"https:\/\/defensoriaformosa.gob.ar\/index.php?rest_route=\/wp\/v2\/posts\/332","targetHints":{"allow":["GET"]}}],"collection":[{"href":"https:\/\/defensoriaformosa.gob.ar\/index.php?rest_route=\/wp\/v2\/posts"}],"about":[{"href":"https:\/\/defensoriaformosa.gob.ar\/index.php?rest_route=\/wp\/v2\/types\/post"}],"author":[{"embeddable":true,"href":"https:\/\/defensoriaformosa.gob.ar\/index.php?rest_route=\/wp\/v2\/users\/1"}],"replies":[{"embeddable":true,"href":"https:\/\/defensoriaformosa.gob.ar\/index.php?rest_route=%2Fwp%2Fv2%2Fcomments&post=332"}],"version-history":[{"count":1,"href":"https:\/\/defensoriaformosa.gob.ar\/index.php?rest_route=\/wp\/v2\/posts\/332\/revisions"}],"predecessor-version":[{"id":333,"href":"https:\/\/defensoriaformosa.gob.ar\/index.php?rest_route=\/wp\/v2\/posts\/332\/revisions\/333"}],"wp:featuredmedia":[{"embeddable":true,"href":"https:\/\/defensoriaformosa.gob.ar\/index.php?rest_route=\/wp\/v2\/media\/288"}],"wp:attachment":[{"href":"https:\/\/defensoriaformosa.gob.ar\/index.php?rest_route=%2Fwp%2Fv2%2Fmedia&parent=332"}],"wp:term":[{"taxonomy":"category","embeddable":true,"href":"https:\/\/defensoriaformosa.gob.ar\/index.php?rest_route=%2Fwp%2Fv2%2Fcategories&post=332"},{"taxonomy":"post_tag","embeddable":true,"href":"https:\/\/defensoriaformosa.gob.ar\/index.php?rest_route=%2Fwp%2Fv2%2Ftags&post=332"}],"curies":[{"name":"wp","href":"https:\/\/api.w.org\/{rel}","templated":true}]}}