{"id":316,"date":"2015-01-21T18:46:57","date_gmt":"2015-01-21T21:46:57","guid":{"rendered":"http:\/\/2015.defensoriaformosa.gob.ar\/?p=316"},"modified":"2015-01-21T18:46:57","modified_gmt":"2015-01-21T21:46:57","slug":"la-defensoria-del-pueblo-considero-que-existen-sectores-de-la-sociedad-que-pretenden-espuriamente-convertir-el-caso-nisman-en-un-hecho-politico","status":"publish","type":"post","link":"https:\/\/defensoriaformosa.gob.ar\/?p=316","title":{"rendered":"LA DEFENSORIA DEL PUEBLO CONSIDERO QUE EXISTEN SECTORES DE LA SOCIEDAD QUE PRETENDEN ESPURIAMENTE CONVERTIR \u201cEL CASO NISMAN\u201d EN UN HECHO POL\u00cdTICO"},"content":{"rendered":"<p style=\"text-align: justify;\"><strong>Desde la- Direcci\u00f3n de Derechos Humanos y Grupos Minoritarios \u2013 Discriminaci\u00f3n \u2013 Xenofobia \u2013 Trata de Personas &#8211; Discapacidad, la Defensor\u00eda del Pueblo de Formosa, se afirm\u00f3, del Organismo de la Constituci\u00f3n en nombre y representaci\u00f3n de los ciudadanos formose\u00f1os, que no puede estar ajena a los antagonismos que se derivan en estos d\u00edas de la irreparable p\u00e9rdida de la vida del Fiscal Alberto Nisman.<\/strong><\/p>\n<p style=\"text-align: justify;\"><!--more--><\/p>\n<p style=\"text-align: justify;\">Con relaci\u00f3n a este punto, el Defensor del Pueblo de la Provincia, Dr. Jos\u00e9 Leonardo Gialluca, expres\u00f3: \u201cM\u00e1s all\u00e1 de considerar espuria a la conducta de quienes, ni bien conocida la tragedia, se apresuraron a querer convertir el lamentable suceso en un hecho pol\u00edtico, lo cual da muestra de la poca seriedad y falta de humanidad en el actuar de unos pocos, institucionalmente, varias Defensor\u00edas, integrantes de ADPRA (Asociaciones de Defensores del Pueblo de la Rep\u00fablica Argentina), estamos contestes en, antes que nada, solidarizarnos y expresar las condolencias a una familia argentina que ha sufrido una p\u00e9rdida irreparable, por otro lado, renovamos el inflexible compromiso que tenemos con la b\u00fasqueda de la verdad, por las v\u00edas institucionales adecuadas, enti\u00e9ndanse estas los \u00f3rganos judiciales competentes, los que son capaces de conducirnos, indudablemente, a la justicia. Asimismo, consideramos necesario remarcar la defensa de las Instituciones de la Rep\u00fablica, as\u00ed como los Derechos y Garant\u00edas establecidos en las Constituci\u00f3n Nacional. En todos estos a\u00f1os que se lleva de investigaci\u00f3n por la causa AMIA, el Pueblo Argentino, ha dado acabadas muestras de reconocer como premisa fundamental a la defensa de la justicia, la libertad, la memoria y la verdad. Asimismo, destacamos que no existe sector de la comunidad gobernantes y gobernados, que no haya expresado la necesidad del pronto esclarecimiento de las causas de la muerte del Fiscal Alberto Nisman, lo cual es una se\u00f1al positiva para nuestra Vida Democr\u00e1tica. Confiamos en que, en este caso, la institucionalidad de la Naci\u00f3n, tantas veces defendida por las Defensor\u00edas del Pueblo, pueda demostrar, una vez m\u00e1s, que la justicia, es el valor supremo que consolida la relaci\u00f3n en comunidad y marca la conducta que, tanto individual, como colectivamente debemos seguir como miembros de una sociedad madura que comprende que, m\u00e1s all\u00e1 de las barreras ideol\u00f3gicas, nos une el destino com\u00fan de ser Argentinos.-\u201d<\/p>\n<p style=\"text-align: justify;\">\n","protected":false},"excerpt":{"rendered":"<p>Desde la- Direcci\u00f3n de Derechos Humanos y Grupos Minoritarios \u2013 Discriminaci\u00f3n \u2013 Xenofobia \u2013 Trata de Personas &#8211; Discapacidad, la Defensor\u00eda del Pueblo de Formosa, se afirm\u00f3, del Organismo de la Constituci\u00f3n en nombre y representaci\u00f3n de los ciudadanos formose\u00f1os, que no puede estar ajena a los antagonismos que se derivan en estos d\u00edas de [&hellip;]<\/p>\n","protected":false},"author":1,"featured_media":317,"comment_status":"closed","ping_status":"closed","sticky":false,"template":"","format":"standard","meta":{"footnotes":""},"categories":[1],"tags":[],"class_list":["post-316","post","type-post","status-publish","format-standard","has-post-thumbnail","hentry","category-noticias"],"_links":{"self":[{"href":"https:\/\/defensoriaformosa.gob.ar\/index.php?rest_route=\/wp\/v2\/posts\/316","targetHints":{"allow":["GET"]}}],"collection":[{"href":"https:\/\/defensoriaformosa.gob.ar\/index.php?rest_route=\/wp\/v2\/posts"}],"about":[{"href":"https:\/\/defensoriaformosa.gob.ar\/index.php?rest_route=\/wp\/v2\/types\/post"}],"author":[{"embeddable":true,"href":"https:\/\/defensoriaformosa.gob.ar\/index.php?rest_route=\/wp\/v2\/users\/1"}],"replies":[{"embeddable":true,"href":"https:\/\/defensoriaformosa.gob.ar\/index.php?rest_route=%2Fwp%2Fv2%2Fcomments&post=316"}],"version-history":[{"count":1,"href":"https:\/\/defensoriaformosa.gob.ar\/index.php?rest_route=\/wp\/v2\/posts\/316\/revisions"}],"predecessor-version":[{"id":318,"href":"https:\/\/defensoriaformosa.gob.ar\/index.php?rest_route=\/wp\/v2\/posts\/316\/revisions\/318"}],"wp:featuredmedia":[{"embeddable":true,"href":"https:\/\/defensoriaformosa.gob.ar\/index.php?rest_route=\/wp\/v2\/media\/317"}],"wp:attachment":[{"href":"https:\/\/defensoriaformosa.gob.ar\/index.php?rest_route=%2Fwp%2Fv2%2Fmedia&parent=316"}],"wp:term":[{"taxonomy":"category","embeddable":true,"href":"https:\/\/defensoriaformosa.gob.ar\/index.php?rest_route=%2Fwp%2Fv2%2Fcategories&post=316"},{"taxonomy":"post_tag","embeddable":true,"href":"https:\/\/defensoriaformosa.gob.ar\/index.php?rest_route=%2Fwp%2Fv2%2Ftags&post=316"}],"curies":[{"name":"wp","href":"https:\/\/api.w.org\/{rel}","templated":true}]}}