{"id":311,"date":"2015-01-20T17:46:36","date_gmt":"2015-01-20T20:46:36","guid":{"rendered":"http:\/\/2015.defensoriaformosa.gob.ar\/?p=311"},"modified":"2015-01-20T17:46:36","modified_gmt":"2015-01-20T20:46:36","slug":"repercusiones-de-la-muerte-del-fiscal-nisman","status":"publish","type":"post","link":"https:\/\/defensoriaformosa.gob.ar\/?p=311","title":{"rendered":"REPERCUSIONES DE LA MUERTE DEL FISCAL NISMAN"},"content":{"rendered":"<p><strong>La Defensor\u00eda del Pueblo de Formosa comparti\u00f3 postura institucional de miembros de ADPRA<\/strong><\/p>\n<p><!--more--><\/p>\n<p style=\"text-align: justify;\">En un comunicado de prensa, la Defensor\u00eda del Pueblo de Formosa, afirm\u00f3 que el Organismo de la Constituci\u00f3n, no puede estar ajeno a las implicancias que se derivan de la irremediable p\u00e9rdida de la vida del Fiscal Alberto Nisman. Con relaci\u00f3n a este particular, el Defensor del Pueblo de la Provincia, Dr. Jos\u00e9 Leonardo Gialluca, expres\u00f3: \u201cM\u00e1s all\u00e1 de considerar espuria a la conducta de quienes, ni bien conocida la tragedia, se apresuraron a querer convertir el lamentable suceso en un hecho pol\u00edtico, lo cual da muestra de la poca seriedad y falta de humanidad en el actuar de unos pocos, institucionalmente, varias Defensor\u00edas, integrantes de ADPRA (Asociaciones de Defensores del Pueblo de la Rep\u00fablica Argentina), estamos contestes en, antes que nada, solidarizarnos y expresar las condolencias a una familia argentina que ha sufrido una p\u00e9rdida irreparable, por otro lado, renovamos el inflexible compromiso que tenemos con la b\u00fasqueda de la verdad, por las v\u00edas institucionales adecuadas, enti\u00e9ndanse estas los \u00f3rganos judiciales competentes, los que son capaces de conducirnos, indudablemente, a la justicia. Asimismo, consideramos necesario remarcar la defensa de las Instituciones de la Rep\u00fablica, as\u00ed como los Derechos y Garant\u00edas establecidos en las Constituci\u00f3n Nacional. En todos estos a\u00f1os que se lleva de investigaci\u00f3n por la causa AMIA, el Pueblo Argentino, ha dado acabadas muestras de reconocer como premisa fundamental a la defensa de la justicia, la libertad, la memoria y la verdad. Asimismo, destacamos que no existe sector de la comunidad gobernantes y gobernados, que no haya expresado la necesidad del pronto esclarecimiento de las causas de la muerte del Fiscal Alberto Nisman, lo cual es una se\u00f1al positiva para nuestra Vida Democr\u00e1tica. Confiamos en que, en este caso, la institucionalidad de la Naci\u00f3n, tantas veces defendida por las Defensor\u00edas del Pueblo, pueda demostrar, una vez m\u00e1s, que la justicia, es el valor supremo que consolida la relaci\u00f3n en comunidad y marca la conducta que, tanto individual, como colectivamente debemos seguir como miembros de una sociedad madura que comprende que, m\u00e1s all\u00e1 de las barreras ideol\u00f3gicas, nos une el destino com\u00fan de ser Argentinos.-\u201d<\/p>\n","protected":false},"excerpt":{"rendered":"<p>La Defensor\u00eda del Pueblo de Formosa comparti\u00f3 postura institucional de miembros de ADPRA<\/p>\n","protected":false},"author":1,"featured_media":312,"comment_status":"closed","ping_status":"closed","sticky":false,"template":"","format":"standard","meta":{"footnotes":""},"categories":[1],"tags":[],"class_list":["post-311","post","type-post","status-publish","format-standard","has-post-thumbnail","hentry","category-noticias"],"_links":{"self":[{"href":"https:\/\/defensoriaformosa.gob.ar\/index.php?rest_route=\/wp\/v2\/posts\/311","targetHints":{"allow":["GET"]}}],"collection":[{"href":"https:\/\/defensoriaformosa.gob.ar\/index.php?rest_route=\/wp\/v2\/posts"}],"about":[{"href":"https:\/\/defensoriaformosa.gob.ar\/index.php?rest_route=\/wp\/v2\/types\/post"}],"author":[{"embeddable":true,"href":"https:\/\/defensoriaformosa.gob.ar\/index.php?rest_route=\/wp\/v2\/users\/1"}],"replies":[{"embeddable":true,"href":"https:\/\/defensoriaformosa.gob.ar\/index.php?rest_route=%2Fwp%2Fv2%2Fcomments&post=311"}],"version-history":[{"count":1,"href":"https:\/\/defensoriaformosa.gob.ar\/index.php?rest_route=\/wp\/v2\/posts\/311\/revisions"}],"predecessor-version":[{"id":313,"href":"https:\/\/defensoriaformosa.gob.ar\/index.php?rest_route=\/wp\/v2\/posts\/311\/revisions\/313"}],"wp:featuredmedia":[{"embeddable":true,"href":"https:\/\/defensoriaformosa.gob.ar\/index.php?rest_route=\/wp\/v2\/media\/312"}],"wp:attachment":[{"href":"https:\/\/defensoriaformosa.gob.ar\/index.php?rest_route=%2Fwp%2Fv2%2Fmedia&parent=311"}],"wp:term":[{"taxonomy":"category","embeddable":true,"href":"https:\/\/defensoriaformosa.gob.ar\/index.php?rest_route=%2Fwp%2Fv2%2Fcategories&post=311"},{"taxonomy":"post_tag","embeddable":true,"href":"https:\/\/defensoriaformosa.gob.ar\/index.php?rest_route=%2Fwp%2Fv2%2Ftags&post=311"}],"curies":[{"name":"wp","href":"https:\/\/api.w.org\/{rel}","templated":true}]}}