{"id":308,"date":"2015-01-19T18:54:05","date_gmt":"2015-01-19T21:54:05","guid":{"rendered":"http:\/\/2015.defensoriaformosa.gob.ar\/?p=308"},"modified":"2015-01-19T18:54:05","modified_gmt":"2015-01-19T21:54:05","slug":"la-defensoria-recibio-denuncias-de-varias-localidades-del-interior-que-se-hallan-incomunicadas-por-caida-de-un-rayo-en-antena-de-telefonia-celular","status":"publish","type":"post","link":"https:\/\/defensoriaformosa.gob.ar\/?p=308","title":{"rendered":"LA DEFENSOR\u00cdA RECIBI\u00d3 DENUNCIAS DE VARIAS LOCALIDADES DEL INTERIOR QUE SE HALLAN INCOMUNICADAS POR CA\u00cdDA DE UN RAYO EN ANTENA DE TELEFON\u00cdA CELULAR"},"content":{"rendered":"<p style=\"text-align: justify;\"><strong>La Defensor\u00eda del Pueblo de la Provincia, por intermedio de su Direcci\u00f3n de Defensa de los Derechos de los Usuarios, Consumidores, Contribuyentes y Relaciones de Consumo, en la jornada de ayer, recibi\u00f3 denuncias de pobladores de las localidades de Villa General G\u00fcemes, Fort\u00edn Leyes, San Mart\u00edn II y Fort\u00edn Lugones, debido a que carec\u00edan de se\u00f1ales en sus celulares.<\/strong><\/p>\n<p><!--more--><\/p>\n<p style=\"text-align: justify;\">Frente a tal situaci\u00f3n, desde la Defensor\u00eda se trat\u00f3 de establecer comunicaci\u00f3n por los servicios m\u00f3viles con residentes de la zona centro-norte de nuestra Provincia, constat\u00e1ndose que, efectivamente, no se pod\u00edan concretar los llamados, ni eran recibidos los mensajes de textos. Por tal motivo, desde el Organismo de la Constituci\u00f3n, la Defensora del Pueblo Adjunta, Sylvina Portillo, gir\u00f3 una actuaci\u00f3n con car\u00e1cter de \u201cmuy urgente\u201d al Sr. Delegado de la Comisi\u00f3n Nacional de Comunicaciones (CNC) para la Provincia, Lic. Diego Benitez, a los efectos de que dicho organismo tome intervenci\u00f3n de manera inmediata, en virtud de que la telefon\u00eda fija es casi inexistente en las localidades mencionadas y la forma de comunicaci\u00f3n, por excelencia, entre sus pobladores y al exterior es por medio de la telefon\u00eda celular, estando ella, en este momento, vinculada a aspectos tan importantes para las comunidades citadas, como lo son la seguridad y la salud. Ni bien recibida la instancia de la Defensor\u00eda, mediante comunicaci\u00f3n con el Delegado de la CNC, se realiz\u00f3 la instancia a la empresa prestataria del servicio en la zona, pudiendo establecerse que en las pr\u00f3ximas horas la se\u00f1al se estar\u00eda restableciendo. Por su parte, la Dra. Portillo, expuso que los pobladores del interior se comunicaron por medio de interpuestas personas que se hallaban de paso por sus localidades y otros se llegaron incluso hasta las oficinas de la Defensor\u00eda pues no pod\u00edan realizar las denuncias por falta de servicio, dado que la \u00fanica manera de hacerlo es precisamente por los sistemas que se encuentran ca\u00eddos desde el S\u00e1bado, solicitaremos a la CNC que se arbitre un mecanismo para que estas situaciones no se sucedan, sin perjuicio de las compensaciones correspondientes a los usuarios que no han contado desde el s\u00e1bado a la fecha, con el servicio de telefon\u00eda en las localidades enunciadas.-<\/p>\n<figure id=\"attachment_309\" aria-describedby=\"caption-attachment-309\" style=\"width: 450px\" class=\"wp-caption aligncenter\"><img loading=\"lazy\" decoding=\"async\" class=\"wp-image-309 size-full\" src=\"https:\/\/2015.defensoriaformosa.gob.ar\/wp-content\/uploads\/2015\/01\/Localidades-del-interior-se-hallan-incomunicadas-por-ca\u00edda-de-un-rayo-en-antena-de-telefon\u00eda-celular.jpg\" alt=\"Localidades del interior se hallan incomunicadas por ca\u00edda de un rayo en antena de telefon\u00eda celular\" width=\"450\" height=\"600\" srcset=\"https:\/\/defensoriaformosa.gob.ar\/wp-content\/uploads\/2015\/01\/Localidades-del-interior-se-hallan-incomunicadas-por-ca\u00edda-de-un-rayo-en-antena-de-telefon\u00eda-celular.jpg 450w, https:\/\/defensoriaformosa.gob.ar\/wp-content\/uploads\/2015\/01\/Localidades-del-interior-se-hallan-incomunicadas-por-ca\u00edda-de-un-rayo-en-antena-de-telefon\u00eda-celular-225x300.jpg 225w\" sizes=\"auto, (max-width: 450px) 100vw, 450px\" \/><figcaption id=\"caption-attachment-309\" class=\"wp-caption-text\">Las estructuras de antena cuentan con pararrayos los que, a veces, no pueden impedir que las descargas lleguen a los equipos que protegen.<\/figcaption><\/figure>\n<p>&nbsp;<\/p>\n<p style=\"text-align: center;\">\n","protected":false},"excerpt":{"rendered":"<p>La Defensor\u00eda del Pueblo de la Provincia, por intermedio de su Direcci\u00f3n de Defensa de los Derechos de los Usuarios, Consumidores, Contribuyentes y Relaciones de Consumo, en la jornada de ayer, recibi\u00f3 denuncias de pobladores de las localidades de Villa General G\u00fcemes, Fort\u00edn Leyes, San Mart\u00edn II y Fort\u00edn Lugones, debido a que carec\u00edan de [&hellip;]<\/p>\n","protected":false},"author":1,"featured_media":309,"comment_status":"closed","ping_status":"closed","sticky":false,"template":"","format":"standard","meta":{"footnotes":""},"categories":[1,3],"tags":[],"class_list":["post-308","post","type-post","status-publish","format-standard","has-post-thumbnail","hentry","category-noticias","category-defensa-de-los-derechos-del-usuario-consumidor-contribuyentes"],"_links":{"self":[{"href":"https:\/\/defensoriaformosa.gob.ar\/index.php?rest_route=\/wp\/v2\/posts\/308","targetHints":{"allow":["GET"]}}],"collection":[{"href":"https:\/\/defensoriaformosa.gob.ar\/index.php?rest_route=\/wp\/v2\/posts"}],"about":[{"href":"https:\/\/defensoriaformosa.gob.ar\/index.php?rest_route=\/wp\/v2\/types\/post"}],"author":[{"embeddable":true,"href":"https:\/\/defensoriaformosa.gob.ar\/index.php?rest_route=\/wp\/v2\/users\/1"}],"replies":[{"embeddable":true,"href":"https:\/\/defensoriaformosa.gob.ar\/index.php?rest_route=%2Fwp%2Fv2%2Fcomments&post=308"}],"version-history":[{"count":1,"href":"https:\/\/defensoriaformosa.gob.ar\/index.php?rest_route=\/wp\/v2\/posts\/308\/revisions"}],"predecessor-version":[{"id":310,"href":"https:\/\/defensoriaformosa.gob.ar\/index.php?rest_route=\/wp\/v2\/posts\/308\/revisions\/310"}],"wp:featuredmedia":[{"embeddable":true,"href":"https:\/\/defensoriaformosa.gob.ar\/index.php?rest_route=\/wp\/v2\/media\/309"}],"wp:attachment":[{"href":"https:\/\/defensoriaformosa.gob.ar\/index.php?rest_route=%2Fwp%2Fv2%2Fmedia&parent=308"}],"wp:term":[{"taxonomy":"category","embeddable":true,"href":"https:\/\/defensoriaformosa.gob.ar\/index.php?rest_route=%2Fwp%2Fv2%2Fcategories&post=308"},{"taxonomy":"post_tag","embeddable":true,"href":"https:\/\/defensoriaformosa.gob.ar\/index.php?rest_route=%2Fwp%2Fv2%2Ftags&post=308"}],"curies":[{"name":"wp","href":"https:\/\/api.w.org\/{rel}","templated":true}]}}