{"id":3033,"date":"2016-04-20T18:30:35","date_gmt":"2016-04-20T21:30:35","guid":{"rendered":"http:\/\/2015.defensoriaformosa.gob.ar\/?p=3033"},"modified":"2016-04-20T18:31:09","modified_gmt":"2016-04-20T21:31:09","slug":"fuerte-preocupacion-por-la-paralizacion-de-las-obras-del-belgrano-cargas-ramal-c-25-y-por-reducciones-en-la-ejecucion-del-gasoducto-troncal-del-nea","status":"publish","type":"post","link":"https:\/\/defensoriaformosa.gob.ar\/?p=3033","title":{"rendered":"FUERTE PREOCUPACION POR LA PARALIZACION DE LAS OBRAS DEL BELGRANO CARGAS- RAMAL C-25- Y POR REDUCCIONES EN LA EJECUCION DEL GASODUCTO TRONCAL DEL NEA"},"content":{"rendered":"<p style=\"text-align: justify;\"><strong>La Defensor\u00eda del Pueblo remiti\u00f3 un formal pedido de Informes, a titulo de colaboraci\u00f3n al actual Ministro del Interior, Rogelio Frigerio, en nombre y representaci\u00f3n de los usuarios de la Provincia de Formosa, para que se precise c\u00f3mo continuar\u00e1n las obras del Belgrano Cargas -Ramal C-25- en la Provincia de Formosa, ya que este proyecto hoy produce una \u201cprofunda preocupaci\u00f3n\u201d frente a la decisi\u00f3n adoptada por el Estado Nacional, de no proseguir con dicho emprendimiento que para todo el NEA implica beneficios sociales, econ\u00f3micos y productivos sumamente importantes.<\/strong><\/p>\n<p style=\"text-align: justify;\"><!--more--><\/p>\n<p style=\"text-align: justify;\">La otra profunda inquietud est\u00e1 sentada en la decisi\u00f3n adoptada por el Poder Ejecutivo de Naci\u00f3n, de excluir a nuestra Provincia de los beneficios del gasoducto troncal del NEA (Formosa-Chaco-Corrientes); plante\u00e1ndose una reducci\u00f3n en la ejecuci\u00f3n de las obras, el no financiamiento por Naci\u00f3n de las redes secundarias de distribuci\u00f3n en diferentes localidades y afectando la posibilidad a futuro de un uso domiciliario para todos los formose\u00f1os.<\/p>\n<p style=\"text-align: justify;\">La eliminaci\u00f3n del proyecto de las C\u00e1maras de Presi\u00f3n de Gas que permiten el uso domiciliario y el acceso de Pymes y Empresas a este insumo estrat\u00e9gico, entendemos debe ser revisado, de manera que continuemos por el camino del desarrollo y que las -asimetr\u00edas hist\u00f3ricas- que se hab\u00edan comenzado a corregirse, desaparezcan totalmente con la prosecuci\u00f3n de la traza del ferrocarril Belgrano Cargas y la concreci\u00f3n de la obra del gasoducto sin ninguna modificaci\u00f3n que implique llevar el gas \u00fanicamente a la zona sur del pa\u00eds, puesto que necesitamos de este servicio esencial y de las obras ya licitadas y adjudicadas para llegar a una distribuci\u00f3n domiciliaria e industrial y todo ello lo debemos lograr en conjunto m\u00e1s all\u00e1 de las diferencias coyunturales que existan entre Estados Provinciales y el Estado Nacional, pues el objetivo es beneficiar a los ciudadanos del NEA entre los que se encuentran los formose\u00f1os y crear las condiciones propicias para las radicaciones industriales de distintas caracter\u00edsticas y no continuar con una Argentina que se desarrolle inequitativamente.<\/p>\n","protected":false},"excerpt":{"rendered":"<p>La Defensor\u00eda del Pueblo remiti\u00f3 un formal pedido de Informes, a titulo de colaboraci\u00f3n al actual Ministro del Interior, Rogelio Frigerio, en nombre y representaci\u00f3n de los usuarios de la Provincia de Formosa, para que se precise c\u00f3mo continuar\u00e1n las obras del Belgrano Cargas -Ramal C-25- en la Provincia de Formosa, ya que este proyecto [&hellip;]<\/p>\n","protected":false},"author":1,"featured_media":3034,"comment_status":"closed","ping_status":"closed","sticky":false,"template":"","format":"standard","meta":{"footnotes":""},"categories":[1,3],"tags":[],"class_list":["post-3033","post","type-post","status-publish","format-standard","has-post-thumbnail","hentry","category-noticias","category-defensa-de-los-derechos-del-usuario-consumidor-contribuyentes"],"_links":{"self":[{"href":"https:\/\/defensoriaformosa.gob.ar\/index.php?rest_route=\/wp\/v2\/posts\/3033","targetHints":{"allow":["GET"]}}],"collection":[{"href":"https:\/\/defensoriaformosa.gob.ar\/index.php?rest_route=\/wp\/v2\/posts"}],"about":[{"href":"https:\/\/defensoriaformosa.gob.ar\/index.php?rest_route=\/wp\/v2\/types\/post"}],"author":[{"embeddable":true,"href":"https:\/\/defensoriaformosa.gob.ar\/index.php?rest_route=\/wp\/v2\/users\/1"}],"replies":[{"embeddable":true,"href":"https:\/\/defensoriaformosa.gob.ar\/index.php?rest_route=%2Fwp%2Fv2%2Fcomments&post=3033"}],"version-history":[{"count":2,"href":"https:\/\/defensoriaformosa.gob.ar\/index.php?rest_route=\/wp\/v2\/posts\/3033\/revisions"}],"predecessor-version":[{"id":3036,"href":"https:\/\/defensoriaformosa.gob.ar\/index.php?rest_route=\/wp\/v2\/posts\/3033\/revisions\/3036"}],"wp:featuredmedia":[{"embeddable":true,"href":"https:\/\/defensoriaformosa.gob.ar\/index.php?rest_route=\/wp\/v2\/media\/3034"}],"wp:attachment":[{"href":"https:\/\/defensoriaformosa.gob.ar\/index.php?rest_route=%2Fwp%2Fv2%2Fmedia&parent=3033"}],"wp:term":[{"taxonomy":"category","embeddable":true,"href":"https:\/\/defensoriaformosa.gob.ar\/index.php?rest_route=%2Fwp%2Fv2%2Fcategories&post=3033"},{"taxonomy":"post_tag","embeddable":true,"href":"https:\/\/defensoriaformosa.gob.ar\/index.php?rest_route=%2Fwp%2Fv2%2Ftags&post=3033"}],"curies":[{"name":"wp","href":"https:\/\/api.w.org\/{rel}","templated":true}]}}