{"id":296,"date":"2015-01-15T20:08:49","date_gmt":"2015-01-15T23:08:49","guid":{"rendered":"http:\/\/2015.defensoriaformosa.gob.ar\/?p=296"},"modified":"2015-01-15T20:09:27","modified_gmt":"2015-01-15T23:09:27","slug":"funcionario-de-la-defensoria-califico-de-demagogico-el-tomarse-de-la-necesidad-de-los-productores-para-enfrentarlos-con-la-comunidad-formosena","status":"publish","type":"post","link":"https:\/\/defensoriaformosa.gob.ar\/?p=296","title":{"rendered":"FUNCIONARIO DE LA DEFENSOR\u00cdA CALIFIC\u00d3 DE DEMAG\u00d3GICO EL TOMARSE DE LA NECESIDAD DE LOS PRODUCTORES PARA ENFRENTARLOS CON LA COMUNIDAD FORMOSE\u00d1A"},"content":{"rendered":"<p style=\"text-align: justify;\"><strong>As\u00ed lo afirm\u00f3 el Secretario Letrado de la Defensor\u00eda del Pueblo de la Provincia, Jos\u00e9 Porfirio Garc\u00eda, quien carg\u00f3 las tintas contra el actuar del Diputado del Radicalismo Mart\u00edn Hern\u00e1ndez, que al parecer \u2013 dijo \u2013 pretende crear un clima en el que se considere al Estado Provincial como responsable de que los productores primarios del noroeste de la Provincia no reciban un subsidio nacional, recientemente dispuesto a su favor.<\/strong><\/p>\n<p><!--more--><\/p>\n<p style=\"text-align: justify;\">Surge evidente que, desde las esferas provinciales se ha realizado la gesti\u00f3n para que la ayuda llegue y que la misma se demora por cuestiones burocr\u00e1ticas ajenas, completamente, a cualquier tipo de intervenci\u00f3n local. El funcionario de la Defensor\u00eda, quien se entrevist\u00f3 con referentes del sector bananero, encabezados por el se\u00f1or P\u00e1nfilo Ayala, el cual desarrolla su actividad en la localidad de Naineck y que nucl\u00e9a una mesa de, aproximadamente 160 peque\u00f1os y medianos productores, algodoneros, tomateros, horticultores, batateros y otros asentados sobre la Ruta Nacional N\u00ba 86, remarc\u00f3 que hay quienes, ante determinadas cuestiones, deben sacarse la remera de su partido y ponerse la de Formosa, comprendiendo que la manera de ayudar es ir ante quienes deben dar soluciones definitivas a los reclamos que plantea la gente, por ejemplo, en este caso, acudir a quienes deben hacer las transferencias de fondos nacionales correspondientes, a la brevedad posible, de forma tal que el pago de los beneficios pueda hacerse efectivo a los productores. Es comprensible que arroje aguas al molino de la oposici\u00f3n el hecho de endilgar al oficialismo provincial culpas que no tiene, pero, me parece, que Hern\u00e1ndez, deber\u00eda darse cuenta que pretendiendo confundir o ante su silencio frente a un inminente corte de rutas, a m\u00e1s que permitir que los reclamantes comentan un delito federal, no se hace m\u00e1s que perjudicar a toda la sociedad formose\u00f1a, quien por intermedio de sus autoridades, gestion\u00f3 la concesi\u00f3n de los subsidios, en espera y que recibir\u00e1 las consecuencias de medidas violentas que les impiden nada menos que el ejercicio de un leg\u00edtimo Derecho Constitucional, como el de transitar libremente por todo el territorio nacional. Algunos, finaliz\u00f3 diciendo Garc\u00eda, deber\u00edan buscar la manera de empujar el carro en el sentido que lo hace la mayor parte de la comunidad y no del lado opuesto, seguramente as\u00ed, lograr\u00edan mucho m\u00e1s consenso. La Defensor\u00eda del Pueblo, tomada intervenci\u00f3n solicit\u00f3 de manera inmediata al Ministerio de Agricultura, Ganader\u00eda y Pesca de la Naci\u00f3n que efect\u00fae de manera urgente las transferencias correspondientes para que se abonen los subsidios a los peque\u00f1os productores formose\u00f1os afectados por las inclemencias clim\u00e1ticas en los \u00faltimos periodos anuales, el cual ha sido dispuesto se haga efectivo mediante resoluci\u00f3n del titular de la Cartera Federal.-<\/p>\n<figure id=\"attachment_288\" aria-describedby=\"caption-attachment-288\" style=\"width: 480px\" class=\"wp-caption aligncenter\"><img loading=\"lazy\" decoding=\"async\" class=\"wp-image-288 size-full\" src=\"https:\/\/2015.defensoriaformosa.gob.ar\/wp-content\/uploads\/2015\/01\/Sr.-P\u00e1nfilo-Ayala-Referente-Productores-Bananeros-con-Dr-Porfirio-Garc\u00eda.jpg\" alt=\"Sr. P\u00e1nfilo Ayala-Referente Productores Bananeros con Dr Porfirio Garc\u00eda\" width=\"480\" height=\"360\" srcset=\"https:\/\/defensoriaformosa.gob.ar\/wp-content\/uploads\/2015\/01\/Sr.-P\u00e1nfilo-Ayala-Referente-Productores-Bananeros-con-Dr-Porfirio-Garc\u00eda.jpg 480w, https:\/\/defensoriaformosa.gob.ar\/wp-content\/uploads\/2015\/01\/Sr.-P\u00e1nfilo-Ayala-Referente-Productores-Bananeros-con-Dr-Porfirio-Garc\u00eda-300x225.jpg 300w\" sizes=\"auto, (max-width: 480px) 100vw, 480px\" \/><figcaption id=\"caption-attachment-288\" class=\"wp-caption-text\">En la foto, el Secretario Letrado de la Defensor\u00eda, entrevist\u00e1ndose con P\u00e1nfilo Ayala, referente del sector bananero.<\/figcaption><\/figure>\n<p><strong>\u00a0<\/strong><\/p>\n","protected":false},"excerpt":{"rendered":"<p>As\u00ed lo afirm\u00f3 el Secretario Letrado de la Defensor\u00eda del Pueblo de la Provincia, Jos\u00e9 Porfirio Garc\u00eda, quien carg\u00f3 las tintas contra el actuar del Diputado del Radicalismo Mart\u00edn Hern\u00e1ndez, que al parecer \u2013 dijo \u2013 pretende crear un clima en el que se considere al Estado Provincial como responsable de que los productores primarios [&hellip;]<\/p>\n","protected":false},"author":1,"featured_media":288,"comment_status":"closed","ping_status":"closed","sticky":false,"template":"","format":"standard","meta":{"footnotes":""},"categories":[1],"tags":[],"class_list":["post-296","post","type-post","status-publish","format-standard","has-post-thumbnail","hentry","category-noticias"],"_links":{"self":[{"href":"https:\/\/defensoriaformosa.gob.ar\/index.php?rest_route=\/wp\/v2\/posts\/296","targetHints":{"allow":["GET"]}}],"collection":[{"href":"https:\/\/defensoriaformosa.gob.ar\/index.php?rest_route=\/wp\/v2\/posts"}],"about":[{"href":"https:\/\/defensoriaformosa.gob.ar\/index.php?rest_route=\/wp\/v2\/types\/post"}],"author":[{"embeddable":true,"href":"https:\/\/defensoriaformosa.gob.ar\/index.php?rest_route=\/wp\/v2\/users\/1"}],"replies":[{"embeddable":true,"href":"https:\/\/defensoriaformosa.gob.ar\/index.php?rest_route=%2Fwp%2Fv2%2Fcomments&post=296"}],"version-history":[{"count":2,"href":"https:\/\/defensoriaformosa.gob.ar\/index.php?rest_route=\/wp\/v2\/posts\/296\/revisions"}],"predecessor-version":[{"id":298,"href":"https:\/\/defensoriaformosa.gob.ar\/index.php?rest_route=\/wp\/v2\/posts\/296\/revisions\/298"}],"wp:featuredmedia":[{"embeddable":true,"href":"https:\/\/defensoriaformosa.gob.ar\/index.php?rest_route=\/wp\/v2\/media\/288"}],"wp:attachment":[{"href":"https:\/\/defensoriaformosa.gob.ar\/index.php?rest_route=%2Fwp%2Fv2%2Fmedia&parent=296"}],"wp:term":[{"taxonomy":"category","embeddable":true,"href":"https:\/\/defensoriaformosa.gob.ar\/index.php?rest_route=%2Fwp%2Fv2%2Fcategories&post=296"},{"taxonomy":"post_tag","embeddable":true,"href":"https:\/\/defensoriaformosa.gob.ar\/index.php?rest_route=%2Fwp%2Fv2%2Ftags&post=296"}],"curies":[{"name":"wp","href":"https:\/\/api.w.org\/{rel}","templated":true}]}}