{"id":290,"date":"2015-01-15T19:59:43","date_gmt":"2015-01-15T22:59:43","guid":{"rendered":"http:\/\/2015.defensoriaformosa.gob.ar\/?p=290"},"modified":"2015-01-15T19:59:43","modified_gmt":"2015-01-15T22:59:43","slug":"resolucion-de-la-defensoria-insta-al-ministro-de-justicia-seguridad-y-derechos-humanos-a-trasladar-la-u-10-del-centro-de-la-ciudad","status":"publish","type":"post","link":"https:\/\/defensoriaformosa.gob.ar\/?p=290","title":{"rendered":"RESOLUCI\u00d3N DE LA DEFENSOR\u00cdA INSTA AL MINISTRO DE JUSTICIA, SEGURIDAD Y DERECHOS HUMANOS A TRASLADAR LA U-10 DEL CENTRO DE LA CIUDAD"},"content":{"rendered":"<p style=\"text-align: justify;\"><strong>Mediante la Resoluci\u00f3n 270\/15 la Defensor\u00eda del Pueblo de la Provincia, inst\u00f3 al Sr. Ministro de Justicia, Seguridad y Derechos Humanos de la Naci\u00f3n, Dr. Julio C\u00e9sar Alak, a que, dentro del marco de su competencia, agilice y concrete los plazos del proyecto, licitaci\u00f3n y ejecuci\u00f3n para la concreci\u00f3n del traslado y\/o reubicaci\u00f3n de las instalaciones del establecimiento de la Unidad 10 del Servicio Penitenciario Federal, el cual funciona en pleno centro de esta capital, m\u00e1s precisamente en el hist\u00f3rico edificio que se halla en la intersecci\u00f3n de la Av. 25 de mayo con la calle De\u00e1n Funes.<\/strong><\/p>\n<p><!--more--><\/p>\n<p style=\"text-align: justify;\">Entre los fundamentos de la citada resoluci\u00f3n, el Defensor del Pueblo, Jos\u00e9 Leonardo Gialluca esgrime que, desde el propio Ministerio de Justicia, en inspecci\u00f3n realizada a instancias de la Defensor\u00eda, pudo comprobarse que las instalaciones del edificio penitenciario son inadecuadas y sus espacios reducidos, dificultando la capacitaci\u00f3n y adquisici\u00f3n de habilidades orientadas a la reinserci\u00f3n social de los internos. Asimismo, se afirma que la conformaci\u00f3n edilicia es arcaica y que se ha quedado en el tiempo, no estando acorde con los \u00faltimos lineamientos que fueron establecidos por normas nacionales e internacionales para edificios que se utilizan como c\u00e1rceles, habi\u00e9ndose ya adelantado el traslado del servicio a las afueras de la ciudad, lo que a\u00fan no se concreta. Por su parte, el Estado Provincial, cumpli\u00f3 con el ofrecimiento de un inmueble que reunir\u00eda las cualidades requeridas, pues fue incluso evaluado por las autoridades federales competentes. El instrumento resolutorio, que lleva la r\u00fabrica del Ombudsman Provincial, menciona tambi\u00e9n que, a la falta de condiciones para albergar a la poblaci\u00f3n carcelaria, debe sum\u00e1rsele la peligrosidad que conlleva el tener personas cumpliendo con penas privativas de la libertad, en inmuebles contiguos a casas particulares, instituciones educativas, centros comerciales, como le est\u00e1 el de la U-10 en esta capital y lo desaconsejan todas las normas legales, t\u00e9cnicas y de uso vigentes a la fecha en la materia. Motivo por el cual, la necesidad de trasladar el establecimiento carcelario se torna \u201curgente\u201d, como fue solicitado.-<\/p>\n","protected":false},"excerpt":{"rendered":"<p>Mediante la Resoluci\u00f3n 270\/15 la Defensor\u00eda del Pueblo de la Provincia, inst\u00f3 al Sr. Ministro de Justicia, Seguridad y Derechos Humanos de la Naci\u00f3n, Dr. Julio C\u00e9sar Alak, a que, dentro del marco de su competencia, agilice y concrete los plazos del proyecto, licitaci\u00f3n y ejecuci\u00f3n para la concreci\u00f3n del traslado y\/o reubicaci\u00f3n de las [&hellip;]<\/p>\n","protected":false},"author":1,"featured_media":291,"comment_status":"closed","ping_status":"closed","sticky":false,"template":"","format":"standard","meta":{"footnotes":""},"categories":[1],"tags":[],"class_list":["post-290","post","type-post","status-publish","format-standard","has-post-thumbnail","hentry","category-noticias"],"_links":{"self":[{"href":"https:\/\/defensoriaformosa.gob.ar\/index.php?rest_route=\/wp\/v2\/posts\/290","targetHints":{"allow":["GET"]}}],"collection":[{"href":"https:\/\/defensoriaformosa.gob.ar\/index.php?rest_route=\/wp\/v2\/posts"}],"about":[{"href":"https:\/\/defensoriaformosa.gob.ar\/index.php?rest_route=\/wp\/v2\/types\/post"}],"author":[{"embeddable":true,"href":"https:\/\/defensoriaformosa.gob.ar\/index.php?rest_route=\/wp\/v2\/users\/1"}],"replies":[{"embeddable":true,"href":"https:\/\/defensoriaformosa.gob.ar\/index.php?rest_route=%2Fwp%2Fv2%2Fcomments&post=290"}],"version-history":[{"count":1,"href":"https:\/\/defensoriaformosa.gob.ar\/index.php?rest_route=\/wp\/v2\/posts\/290\/revisions"}],"predecessor-version":[{"id":292,"href":"https:\/\/defensoriaformosa.gob.ar\/index.php?rest_route=\/wp\/v2\/posts\/290\/revisions\/292"}],"wp:featuredmedia":[{"embeddable":true,"href":"https:\/\/defensoriaformosa.gob.ar\/index.php?rest_route=\/wp\/v2\/media\/291"}],"wp:attachment":[{"href":"https:\/\/defensoriaformosa.gob.ar\/index.php?rest_route=%2Fwp%2Fv2%2Fmedia&parent=290"}],"wp:term":[{"taxonomy":"category","embeddable":true,"href":"https:\/\/defensoriaformosa.gob.ar\/index.php?rest_route=%2Fwp%2Fv2%2Fcategories&post=290"},{"taxonomy":"post_tag","embeddable":true,"href":"https:\/\/defensoriaformosa.gob.ar\/index.php?rest_route=%2Fwp%2Fv2%2Ftags&post=290"}],"curies":[{"name":"wp","href":"https:\/\/api.w.org\/{rel}","templated":true}]}}