{"id":287,"date":"2015-01-15T19:56:33","date_gmt":"2015-01-15T22:56:33","guid":{"rendered":"http:\/\/2015.defensoriaformosa.gob.ar\/?p=287"},"modified":"2015-01-15T19:57:22","modified_gmt":"2015-01-15T22:57:22","slug":"encuentro-con-referentes-de-productores-bananeros","status":"publish","type":"post","link":"https:\/\/defensoriaformosa.gob.ar\/?p=287","title":{"rendered":"ENCUENTRO CON REFERENTES DE PRODUCTORES BANANEROS"},"content":{"rendered":"<p style=\"text-align: justify;\"><em><strong>La Defensor\u00eda del Pueblo instar\u00e1 al Ministerio de Agricultura de la Naci\u00f3n para que haga efectivo el pago del subsidio otorgado<\/strong><\/em><\/p>\n<p style=\"text-align: justify;\"><strong>Funcionarios de la Defensor\u00eda del Pueblo de la Provincia, en la tarde de ayer, se entrevistaron con productores bananeros, referentes del sector, encabezados por el Sr. P\u00e1nfilo Ayala, el cual desarrolla su actividad en la localidad de Col. Naineck. En la ocasi\u00f3n los profesionales del Organismo de la Constituci\u00f3n, Dres. Jos\u00e9 Porfirio Garc\u00eda, Julio N\u00e9stor Santander y Favio Fleitas, dialogaron extensamente con el dirigente, interioriz\u00e1ndose de la situaci\u00f3n que suscit\u00f3 la posibilidad de corte de la Ruta Nacional 86 y\/o incluso la interrupci\u00f3n del paso fronterizo por Puerto Falc\u00f3n.<\/strong><\/p>\n<p style=\"text-align: justify;\"><!--more--><\/p>\n<p style=\"text-align: justify;\">Ayala, destac\u00f3 que los productores beneficiados de un subsidio, establecido a nivel nacional, est\u00e1n a la espera de la efectivizaci\u00f3n de la ayuda comprometida por el Ministerio de Agricultura, Ganader\u00eda y Pesca de la Naci\u00f3n, a cargo del Ing. Carlos Casamiquela, que al tratarse de una situaci\u00f3n emergencial, la asamblea de productores esperaban que, desde la cartera federal, le imprimieran un tr\u00e1mite m\u00e1s acelerado a un pedido que ha seguido todos los carriles correspondientes hasta llegar, finalmente, a la concesi\u00f3n del subsidio a los productores del sector, el cual, se entiende que debe transponer cuestiones burocr\u00e1ticas, pero que, desde noviembre del a\u00f1o pasado a la fecha, ha pasado un plazo prudencial para efectivizar la ayuda que tiene que venir a paliar la situaci\u00f3n acuciante por la que atraviesa el sector bananero en la Provincia.<\/p>\n<p style=\"text-align: justify;\">Por su parte, los funcionarios de la Defensor\u00eda, adelantaron al dirigente que remitir\u00e1n la instancia pertinente ante el Ministerio de Agricultura, Ganader\u00eda y Pesca de la Naci\u00f3n, para que, con la urgencia que el caso amerita, se efect\u00faen las transferencias de fondos correspondientes para los beneficiarios, sin perjuicio de lo cual, se aclar\u00f3 que, m\u00e1s all\u00e1 de las razones que puedan asistir a quienes reclamen el cumplimiento de un derecho, las manifestaciones de protesta, de ninguna manera pueden afectar las potestades que la Constituci\u00f3n y las Leyes confieren a los dem\u00e1s ciudadanos de la comunidad, como el libre tr\u00e1nsito, aludi\u00e9ndose expresamente al corte de ruta el cual, de hacerse efectivo resta sustento al reclamo que se expresa.<\/p>\n<p style=\"text-align: justify;\">Finalmente, el dirigente expres\u00f3 que, bastar\u00eda a los productores la comunicaci\u00f3n formal de una fecha cierta pero inamovible en el cual se abonar\u00e1n los beneficios otorgados y la n\u00f3mina de los alcanzados por el subsidio. Cuesti\u00f3n que, tambi\u00e9n, los funcionarios de la Defensor\u00eda se comprometieron a gestionar ante las autoridades nacionales que deben brindar dichos datos.-<\/p>\n<figure id=\"attachment_288\" aria-describedby=\"caption-attachment-288\" style=\"width: 480px\" class=\"wp-caption aligncenter\"><img loading=\"lazy\" decoding=\"async\" class=\"size-full wp-image-288\" src=\"https:\/\/2015.defensoriaformosa.gob.ar\/wp-content\/uploads\/2015\/01\/Sr.-P\u00e1nfilo-Ayala-Referente-Productores-Bananeros-con-Dr-Porfirio-Garc\u00eda.jpg\" alt=\"Sr. P\u00e1nfilo Ayala-Referente Productores Bananeros con Dr Porfirio Garc\u00eda\" width=\"480\" height=\"360\" srcset=\"https:\/\/defensoriaformosa.gob.ar\/wp-content\/uploads\/2015\/01\/Sr.-P\u00e1nfilo-Ayala-Referente-Productores-Bananeros-con-Dr-Porfirio-Garc\u00eda.jpg 480w, https:\/\/defensoriaformosa.gob.ar\/wp-content\/uploads\/2015\/01\/Sr.-P\u00e1nfilo-Ayala-Referente-Productores-Bananeros-con-Dr-Porfirio-Garc\u00eda-300x225.jpg 300w\" sizes=\"auto, (max-width: 480px) 100vw, 480px\" \/><figcaption id=\"caption-attachment-288\" class=\"wp-caption-text\">Sr. P\u00e1nfilo Ayala-Referente Productores Bananeros con Dr Porfirio Garc\u00eda<\/figcaption><\/figure>\n","protected":false},"excerpt":{"rendered":"<p>La Defensor\u00eda del Pueblo instar\u00e1 al Ministerio de Agricultura de la Naci\u00f3n para que haga efectivo el pago del subsidio otorgado Funcionarios de la Defensor\u00eda del Pueblo de la Provincia, en la tarde de ayer, se entrevistaron con productores bananeros, referentes del sector, encabezados por el Sr. P\u00e1nfilo Ayala, el cual desarrolla su actividad en [&hellip;]<\/p>\n","protected":false},"author":1,"featured_media":288,"comment_status":"closed","ping_status":"closed","sticky":false,"template":"","format":"standard","meta":{"footnotes":""},"categories":[1],"tags":[],"class_list":["post-287","post","type-post","status-publish","format-standard","has-post-thumbnail","hentry","category-noticias"],"_links":{"self":[{"href":"https:\/\/defensoriaformosa.gob.ar\/index.php?rest_route=\/wp\/v2\/posts\/287","targetHints":{"allow":["GET"]}}],"collection":[{"href":"https:\/\/defensoriaformosa.gob.ar\/index.php?rest_route=\/wp\/v2\/posts"}],"about":[{"href":"https:\/\/defensoriaformosa.gob.ar\/index.php?rest_route=\/wp\/v2\/types\/post"}],"author":[{"embeddable":true,"href":"https:\/\/defensoriaformosa.gob.ar\/index.php?rest_route=\/wp\/v2\/users\/1"}],"replies":[{"embeddable":true,"href":"https:\/\/defensoriaformosa.gob.ar\/index.php?rest_route=%2Fwp%2Fv2%2Fcomments&post=287"}],"version-history":[{"count":1,"href":"https:\/\/defensoriaformosa.gob.ar\/index.php?rest_route=\/wp\/v2\/posts\/287\/revisions"}],"predecessor-version":[{"id":289,"href":"https:\/\/defensoriaformosa.gob.ar\/index.php?rest_route=\/wp\/v2\/posts\/287\/revisions\/289"}],"wp:featuredmedia":[{"embeddable":true,"href":"https:\/\/defensoriaformosa.gob.ar\/index.php?rest_route=\/wp\/v2\/media\/288"}],"wp:attachment":[{"href":"https:\/\/defensoriaformosa.gob.ar\/index.php?rest_route=%2Fwp%2Fv2%2Fmedia&parent=287"}],"wp:term":[{"taxonomy":"category","embeddable":true,"href":"https:\/\/defensoriaformosa.gob.ar\/index.php?rest_route=%2Fwp%2Fv2%2Fcategories&post=287"},{"taxonomy":"post_tag","embeddable":true,"href":"https:\/\/defensoriaformosa.gob.ar\/index.php?rest_route=%2Fwp%2Fv2%2Ftags&post=287"}],"curies":[{"name":"wp","href":"https:\/\/api.w.org\/{rel}","templated":true}]}}