{"id":2788,"date":"2016-03-09T19:04:02","date_gmt":"2016-03-09T22:04:02","guid":{"rendered":"http:\/\/2015.defensoriaformosa.gob.ar\/?p=2788"},"modified":"2016-03-09T19:04:02","modified_gmt":"2016-03-09T22:04:02","slug":"en-el-dia-de-la-mujer-se-decidio-profundizar-acciones-a-traves-del-observatorio-de-violencia-de-genero-de-la-defensoria-frente-al-gran-avance-de-los-mismos","status":"publish","type":"post","link":"https:\/\/defensoriaformosa.gob.ar\/?p=2788","title":{"rendered":"EN EL DIA DE LA MUJER SE DECIDIO PROFUNDIZAR ACCIONES A TRAVES DEL \u201cOBSERVATORIO DE VIOLENCIA DE G\u00c9NERO\u201d DE LA DEFENSORIA FRENTE AL GRAN AVANCE DE LOS MISMOS"},"content":{"rendered":"<p style=\"text-align: justify;\"><strong>Con motivo de conmemorarse, el \u201cD\u00eda Internacional de la Mujer\u201d, la Defensor\u00eda del Pueblo declaro mediante la Resoluci\u00f3n 81\/16 de Inter\u00e9s Institucional el acto llevado a cabo en su sede y se comprometi\u00f3 a profundizar un trabajo interinstitucional contra todo tipo de violencia de g\u00e9nero a trav\u00e9s de su Observatorio creado el a\u00f1o pasado mediante la Resoluci\u00f3n N\u00ba 289\/15.<\/strong><\/p>\n<p style=\"text-align: justify;\"><!--more--><\/p>\n<p style=\"text-align: justify;\">En dicha ocasi\u00f3n, fueron agasajadas la Comisario General Gladys Mabel Oviedo- 1\u00ba mujer en acceder a la jerarqu\u00eda de Comisario General en la Polic\u00eda de la Provincia y actualmente es la Jefa de la Polic\u00eda Cient\u00edfica. La Comisario Mirian Beatriz Godoy, Directora de la Alcaid\u00eda Policial de Mujeres, Lidia Miranda \u2013 vacunadora y Agente Sanitaria del Centro de Salud del B\u00ba Namqom, Gladys Jerez- Profesora Especial en ciegos y disminuidos visuales de la Escuela Especial para ciegos y disminuidos visuales N\u00ba 7- \u201cLuis Braile\u201d; Gladys Aramburu- Coordinadora del \u00c1rea Integral -de Anses Udai Formosa; Prof. Isabel Ruiz- en representaci\u00f3n de las compa\u00f1eras de trabajo que diariamente desempe\u00f1an funciones en este Organismo de la Constituci\u00f3n, en raz\u00f3n de su antig\u00fcedad ya que es una de las primeras servidoras publicas de la Instituci\u00f3n.<\/p>\n<p style=\"text-align: justify;\">Durante el emotivo acto, se invito a los presentes a realizar un minuto de silencio para recordar a las mujeres y madres que ya no nos acompa\u00f1an y posteriormente se les hizo entrega de un Certificado de Reconocimiento por la labor que desempe\u00f1an en la Comunidad, copia del Instrumento N\u00ba 81, un obsequio floral y una orden de compra para que sea utilizada en nuestro mercado local.<\/p>\n<p style=\"text-align: justify;\">Finalmente el Ombudsman Provincial hizo uso de la palabra agradeciendo la presencia de las invitadas e hizo extensivo el saludo a todas las formose\u00f1as que diariamente en forma silenciosa y an\u00f3nima trabajan en pos de una sociedad mejor, reflexionando sobre el rol esencial de las mujeres en nuestra Sociedad.<\/p>\n","protected":false},"excerpt":{"rendered":"<p>Con motivo de conmemorarse, el \u201cD\u00eda Internacional de la Mujer\u201d, la Defensor\u00eda del Pueblo declaro mediante la Resoluci\u00f3n 81\/16 de Inter\u00e9s Institucional el acto llevado a cabo en su sede y se comprometi\u00f3 a profundizar un trabajo interinstitucional contra todo tipo de violencia de g\u00e9nero a trav\u00e9s de su Observatorio creado el a\u00f1o pasado mediante [&hellip;]<\/p>\n","protected":false},"author":1,"featured_media":2789,"comment_status":"closed","ping_status":"closed","sticky":false,"template":"","format":"standard","meta":{"footnotes":""},"categories":[4,1],"tags":[],"class_list":["post-2788","post","type-post","status-publish","format-standard","has-post-thumbnail","hentry","category-ddhh","category-noticias"],"_links":{"self":[{"href":"https:\/\/defensoriaformosa.gob.ar\/index.php?rest_route=\/wp\/v2\/posts\/2788","targetHints":{"allow":["GET"]}}],"collection":[{"href":"https:\/\/defensoriaformosa.gob.ar\/index.php?rest_route=\/wp\/v2\/posts"}],"about":[{"href":"https:\/\/defensoriaformosa.gob.ar\/index.php?rest_route=\/wp\/v2\/types\/post"}],"author":[{"embeddable":true,"href":"https:\/\/defensoriaformosa.gob.ar\/index.php?rest_route=\/wp\/v2\/users\/1"}],"replies":[{"embeddable":true,"href":"https:\/\/defensoriaformosa.gob.ar\/index.php?rest_route=%2Fwp%2Fv2%2Fcomments&post=2788"}],"version-history":[{"count":1,"href":"https:\/\/defensoriaformosa.gob.ar\/index.php?rest_route=\/wp\/v2\/posts\/2788\/revisions"}],"predecessor-version":[{"id":2790,"href":"https:\/\/defensoriaformosa.gob.ar\/index.php?rest_route=\/wp\/v2\/posts\/2788\/revisions\/2790"}],"wp:featuredmedia":[{"embeddable":true,"href":"https:\/\/defensoriaformosa.gob.ar\/index.php?rest_route=\/wp\/v2\/media\/2789"}],"wp:attachment":[{"href":"https:\/\/defensoriaformosa.gob.ar\/index.php?rest_route=%2Fwp%2Fv2%2Fmedia&parent=2788"}],"wp:term":[{"taxonomy":"category","embeddable":true,"href":"https:\/\/defensoriaformosa.gob.ar\/index.php?rest_route=%2Fwp%2Fv2%2Fcategories&post=2788"},{"taxonomy":"post_tag","embeddable":true,"href":"https:\/\/defensoriaformosa.gob.ar\/index.php?rest_route=%2Fwp%2Fv2%2Ftags&post=2788"}],"curies":[{"name":"wp","href":"https:\/\/api.w.org\/{rel}","templated":true}]}}