{"id":249,"date":"2015-01-08T13:27:36","date_gmt":"2015-01-08T16:27:36","guid":{"rendered":"http:\/\/2015.defensoriaformosa.gob.ar\/?p=249"},"modified":"2015-01-08T13:27:36","modified_gmt":"2015-01-08T16:27:36","slug":"la-defensoria-del-pueblo-de-la-provincia-se-opuso-a-las-pretensiones-del-gobierno-de-la-ciudad-autonoma-de-buenos-aires-quien-pidio-anular-beneficios-a-favor-de-los-consumidores","status":"publish","type":"post","link":"https:\/\/defensoriaformosa.gob.ar\/?p=249","title":{"rendered":"LA DEFENSORIA DEL PUEBLO DE LA PROVINCIA, SE OPUSO A LAS PRETENSIONES DEL GOBIERNO DE LA CIUDAD AUTONOMA DE BUENOS AIRES QUIEN PIDIO ANULAR BENEFICIOS A FAVOR DE LOS CONSUMIDORES"},"content":{"rendered":"<p style=\"text-align: justify;\"><strong>Desde la Defensor\u00eda del Pueblo de la Provincia de Formosa, se formulo una presentaci\u00f3n contra el Gobierno de la Ciudad a cargo del Ing. Mauricio Macri (PRO) en defensa de los derechos de los usuarios y consumidores en general, toda vez que la Fiscal\u00eda General del Gobierno Porte\u00f1o present\u00f3 un pedido para anular la Reforma aprobada por el Congreso de la Naci\u00f3n; que cre\u00f3 condiciones m\u00e1s beneficiosas para la defensa de los consumidores en el tr\u00e1mite de reclamos y litigios frente a eventuales abusos de las empresas. Se pretende exigir a la justicia en lo civil y comercial federal que declare inconstitucional la norma, alegando \u00abun perjuicio irreparable\u00bb en base al supuesto avasallamiento de la autonom\u00eda jurisdiccional de la Ciudad. Las medidas oportunamente aprobadas crean una instancia de mediaci\u00f3n gratuita para resolver conflictos entre usuarios, sanciones m\u00e1s fuertes ante incumplimientos de prestadores, plazos perentorios y un fuero judicial dedicado especialmente a atender casos de violaciones a la Ley de Defensa del Consumidor.<\/strong><\/p>\n<p style=\"text-align: justify;\"><!--more--><\/p>\n<p style=\"text-align: justify;\">Se intenta tambi\u00e9n anular todo el contenido de la ley que cre\u00f3 el Sistema de Resoluci\u00f3n de Conflictos en las Relaciones del Consumo, sancionada el 17 de septiembre de 2014.<\/p>\n<p style=\"text-align: justify;\">Estas acciones y presentaciones implican expresamente, una se\u00f1al al sector empresarial que podr\u00eda verse afectado por la normativa que impone sanciones y multas m\u00e1s duras para las compa\u00f1\u00edas que afecten los derechos de los consumidores, que suelen judicializarse en causas eternas, y cuyos abusos son motivo de descontento en diversos rubros, ya que las empresas siempre van a tener un mayor poder econ\u00f3mico y log\u00edstico para litigar infinitamente, en contra de las posibilidades limitadas que tenemos los usuarios y consumidores y es por esto que dejar de lado la conflictividad y la burocracia ha sido uno de los objetivos de la reforma, favoreciendo de esta manera a los sectores m\u00e1s d\u00e9biles y vulnerables de las relaciones de consumo.<\/p>\n<p style=\"text-align: justify;\">La iniciativa en su momento tuvo entre otros fundamentos de hecho y de derecho, la necesidad en la pr\u00e1ctica de abarcar los reclamos por violaciones a la Ley de Defensa del Consumidor, Lealtad Comercial y Defensa de la Competencia.<\/p>\n<p style=\"text-align: justify;\">Lo m\u00e1s grave, es que tambi\u00e9n se pretende dejar sin efecto el Sistema de Conciliaci\u00f3n Previa (COPREC) al que se lo califica equivocadamente como un sistema de resoluci\u00f3n de conflictos que el Estado \u00abno est\u00e1 constitucionalmente facultado\u00bb para instituir, y reprocha que los costos y honorarios de la conciliaci\u00f3n corran por cuenta del prestador o proveedor.<br \/>\nBajo el argumento de la representaci\u00f3n gen\u00e9rica de los consumidores y de que la ley objetada se basa en relaciones comerciales y de consumo, el fuero elegido por el Gobierno de la Ciudad Aut\u00f3noma de Buenos Aires para radicar la denuncia, es el Civil y Comercial Federal, el mismo fuero que se enfrent\u00f3 al gobierno nacional durante cinco a\u00f1os por la Ley de Medios, y por dictar una cautelar que beneficia a la Sociedad La Rural.<\/p>\n","protected":false},"excerpt":{"rendered":"<p>Desde la Defensor\u00eda del Pueblo de la Provincia de Formosa, se formulo una presentaci\u00f3n contra el Gobierno de la Ciudad a cargo del Ing. Mauricio Macri (PRO) en defensa de los derechos de los usuarios y consumidores en general, toda vez que la Fiscal\u00eda General del Gobierno Porte\u00f1o present\u00f3 un pedido para anular la Reforma [&hellip;]<\/p>\n","protected":false},"author":1,"featured_media":250,"comment_status":"closed","ping_status":"closed","sticky":false,"template":"","format":"standard","meta":{"footnotes":""},"categories":[1,3],"tags":[],"class_list":["post-249","post","type-post","status-publish","format-standard","has-post-thumbnail","hentry","category-noticias","category-defensa-de-los-derechos-del-usuario-consumidor-contribuyentes"],"_links":{"self":[{"href":"https:\/\/defensoriaformosa.gob.ar\/index.php?rest_route=\/wp\/v2\/posts\/249","targetHints":{"allow":["GET"]}}],"collection":[{"href":"https:\/\/defensoriaformosa.gob.ar\/index.php?rest_route=\/wp\/v2\/posts"}],"about":[{"href":"https:\/\/defensoriaformosa.gob.ar\/index.php?rest_route=\/wp\/v2\/types\/post"}],"author":[{"embeddable":true,"href":"https:\/\/defensoriaformosa.gob.ar\/index.php?rest_route=\/wp\/v2\/users\/1"}],"replies":[{"embeddable":true,"href":"https:\/\/defensoriaformosa.gob.ar\/index.php?rest_route=%2Fwp%2Fv2%2Fcomments&post=249"}],"version-history":[{"count":1,"href":"https:\/\/defensoriaformosa.gob.ar\/index.php?rest_route=\/wp\/v2\/posts\/249\/revisions"}],"predecessor-version":[{"id":251,"href":"https:\/\/defensoriaformosa.gob.ar\/index.php?rest_route=\/wp\/v2\/posts\/249\/revisions\/251"}],"wp:featuredmedia":[{"embeddable":true,"href":"https:\/\/defensoriaformosa.gob.ar\/index.php?rest_route=\/wp\/v2\/media\/250"}],"wp:attachment":[{"href":"https:\/\/defensoriaformosa.gob.ar\/index.php?rest_route=%2Fwp%2Fv2%2Fmedia&parent=249"}],"wp:term":[{"taxonomy":"category","embeddable":true,"href":"https:\/\/defensoriaformosa.gob.ar\/index.php?rest_route=%2Fwp%2Fv2%2Fcategories&post=249"},{"taxonomy":"post_tag","embeddable":true,"href":"https:\/\/defensoriaformosa.gob.ar\/index.php?rest_route=%2Fwp%2Fv2%2Ftags&post=249"}],"curies":[{"name":"wp","href":"https:\/\/api.w.org\/{rel}","templated":true}]}}