{"id":2071,"date":"2015-11-12T21:01:31","date_gmt":"2015-11-13T00:01:31","guid":{"rendered":"http:\/\/2015.defensoriaformosa.gob.ar\/?p=2071"},"modified":"2015-11-12T21:01:31","modified_gmt":"2015-11-13T00:01:31","slug":"denuncia-la-defensoria-del-pueblo-que-vehiculos-de-gran-porte-ponen-en-peligro-la-seguridad-vial-de-los-ciudadanos","status":"publish","type":"post","link":"https:\/\/defensoriaformosa.gob.ar\/?p=2071","title":{"rendered":"DENUNCIA LA DEFENSORIA DEL PUEBLO QUE VEH\u00cdCULOS DE GRAN PORTE PONEN EN PELIGRO LA SEGURIDAD VIAL DE LOS CIUDADANOS"},"content":{"rendered":"<p style=\"text-align: justify;\"><strong>En el d\u00eda de ayer siendo aproximadamente las 18:30 Hs. varios conductores y vecinos se contactaron con la sede de la Defensor\u00eda del Pueblo, dado que la unidad de un Transporte P\u00fablico de pasajeros de larga distancia, quedo varado en pleno micro-centro en las bocacalles de Jos\u00e9 M. Uriburu y Eva Per\u00f3n.<\/strong><\/p>\n<p style=\"text-align: justify;\"><!--more--><\/p>\n<p style=\"text-align: justify;\">Como consecuencia de ello la Polic\u00eda de la Provincia, debi\u00f3 montar un operativo a la altura de la calle Fontana, para desviar los centenares de veh\u00edculos y motocicletas que transitaban a esa hora.-<\/p>\n<p style=\"text-align: justify;\">El Ombudsman Provincial Dr. Jos\u00e9 Leonardo Gialluca se\u00f1alo que es necesario que los veh\u00edculos \u201cde gran porte\u201d no ingres\u00e9n al casco c\u00e9ntrico de la ciudad o lo hagan en determinados horarios, pues es m\u00e1s que evidente que causan graves perjuicios y demoras a toda la ciudadan\u00eda.-<\/p>\n<p style=\"text-align: justify;\">Agrego que, el Municipio debe tomar cartas en este asunto, tambi\u00e9n para que aquellos lugares donde existen galpones de estacionamiento o abastecimiento de veh\u00edculos de gran porte, a los cuales se les hace imposible transitar por nuestras calles atestadas de veh\u00edculos estacionados, en tr\u00e1nsito y a ello debemos sumarle moto-veh\u00edculos, bicicletas, peatones, ambulancias que requieren que las calles est\u00e9n liberadas para evitar este tipo de situaci\u00f3n peligrosas que evidentemente recrean para la Seguridad Vial de nuestros habitantes un riesgo real permanente, y por ello, es que adem\u00e1s en ciertas avenidas como la Napole\u00f3n Uriburu tambi\u00e9n se deber\u00edan prohibir el ingreso de grandes camiones cargados con rollizos de madera y\/o materiales de la construcci\u00f3n, arenas, y otros elementos y exigimos en nombre y representaci\u00f3n de los vecinos que exista \u201cun lugar o lugares\u201d de rompe cargas, para que veh\u00edculos m\u00e1s chicos ingresen en determinados horarios al micro-centro, sin causar estos inconvenientes en una ciudad donde el transito a determinadas horas es ca\u00f3tico .-<\/p>\n","protected":false},"excerpt":{"rendered":"<p>En el d\u00eda de ayer siendo aproximadamente las 18:30 Hs. varios conductores y vecinos se contactaron con la sede de la Defensor\u00eda del Pueblo, dado que la unidad de un Transporte P\u00fablico de pasajeros de larga distancia, quedo varado en pleno micro-centro en las bocacalles de Jos\u00e9 M. Uriburu y Eva Per\u00f3n.<\/p>\n","protected":false},"author":1,"featured_media":2072,"comment_status":"closed","ping_status":"closed","sticky":false,"template":"","format":"standard","meta":{"footnotes":""},"categories":[1,7],"tags":[],"class_list":["post-2071","post","type-post","status-publish","format-standard","has-post-thumbnail","hentry","category-noticias","category-seguridad-vial"],"_links":{"self":[{"href":"https:\/\/defensoriaformosa.gob.ar\/index.php?rest_route=\/wp\/v2\/posts\/2071","targetHints":{"allow":["GET"]}}],"collection":[{"href":"https:\/\/defensoriaformosa.gob.ar\/index.php?rest_route=\/wp\/v2\/posts"}],"about":[{"href":"https:\/\/defensoriaformosa.gob.ar\/index.php?rest_route=\/wp\/v2\/types\/post"}],"author":[{"embeddable":true,"href":"https:\/\/defensoriaformosa.gob.ar\/index.php?rest_route=\/wp\/v2\/users\/1"}],"replies":[{"embeddable":true,"href":"https:\/\/defensoriaformosa.gob.ar\/index.php?rest_route=%2Fwp%2Fv2%2Fcomments&post=2071"}],"version-history":[{"count":1,"href":"https:\/\/defensoriaformosa.gob.ar\/index.php?rest_route=\/wp\/v2\/posts\/2071\/revisions"}],"predecessor-version":[{"id":2073,"href":"https:\/\/defensoriaformosa.gob.ar\/index.php?rest_route=\/wp\/v2\/posts\/2071\/revisions\/2073"}],"wp:featuredmedia":[{"embeddable":true,"href":"https:\/\/defensoriaformosa.gob.ar\/index.php?rest_route=\/wp\/v2\/media\/2072"}],"wp:attachment":[{"href":"https:\/\/defensoriaformosa.gob.ar\/index.php?rest_route=%2Fwp%2Fv2%2Fmedia&parent=2071"}],"wp:term":[{"taxonomy":"category","embeddable":true,"href":"https:\/\/defensoriaformosa.gob.ar\/index.php?rest_route=%2Fwp%2Fv2%2Fcategories&post=2071"},{"taxonomy":"post_tag","embeddable":true,"href":"https:\/\/defensoriaformosa.gob.ar\/index.php?rest_route=%2Fwp%2Fv2%2Ftags&post=2071"}],"curies":[{"name":"wp","href":"https:\/\/api.w.org\/{rel}","templated":true}]}}