{"id":1978,"date":"2015-11-01T12:11:30","date_gmt":"2015-11-01T15:11:30","guid":{"rendered":"http:\/\/2015.defensoriaformosa.gob.ar\/?p=1978"},"modified":"2015-11-02T12:13:33","modified_gmt":"2015-11-02T15:13:33","slug":"la-defensoria-del-pueblo-senalo-que-a-partir-de-nueva-normativa-los-delitos-contra-la-integridad-sexual-de-los-menores-de-edad-se-contara-desde-el-momento-en-que-la-victima-realiza-la-denuncia-lo-mi","status":"publish","type":"post","link":"https:\/\/defensoriaformosa.gob.ar\/?p=1978","title":{"rendered":"LA DEFENSORIA DEL PUEBLO SE\u00d1ALO QUE A PARTIR DE NUEVA NORMATIVA, LOS DELITOS CONTRA LA INTEGRIDAD SEXUAL DE LOS MENORES DE EDAD SE CONTARA DESDE EL MOMENTO EN QUE LA VICTIMA REALIZA LA DENUNCIA; LO MISMO SE APLICARA AL DELITO DE TRATA"},"content":{"rendered":"<p style=\"text-align: justify;\"><strong>El -\u00c1rea de Ni\u00f1ez, Adolescencia, Seguridad Social, Adultos Mayores-, de la Defensor\u00eda del Pueblo de la Provincia, que oportunamente acompa\u00f1ara en las Comisiones respectivas del Congreso de la Naci\u00f3n, un Proyecto de Ley, para evitar la prescripci\u00f3n de los delitos de abuso sexual y que se impulsara a trav\u00e9s de las redes sociales, hoy nuestro Pa\u00eds posee una norma legal que es consecuencia de la lucha de miles de ciudadanos que no est\u00e1n visibilizados por nuestra sociedad y lo peor es que se los llega a estigmatizar y en nuestro Organismo de la Constituci\u00f3n, conjuntamente con la Direcci\u00f3n de Ni\u00f1ez, Adolescencia y Familia, Secretaria de la Mujer, Asesoras de Menores y Fiscales del Poder Judicial, proseguimos atendiendo, cada vez con mayor frecuencia, estos casos de abusadores sexuales; obviamente \u201cpreservando siempre la identidad de las personas involucradas y m\u00e1s aun si existen menores, delitos estos que no conocen de estamentos sociales, ni de Comunidades Criollas u Originarias, y s\u00ed necesitan la atenci\u00f3n y contenci\u00f3n del Estado a trav\u00e9s de profesionales id\u00f3neos y obviamente que tambi\u00e9n la Justicia intervenga y persiga a los ped\u00f3filos, por m\u00e1s que mediante sus artima\u00f1as y defensas jur\u00eddicas onerosas, pretendan ocultar sus aberrantes delitos y continuar conviviendo como si nada hubiera sucedido en nuestra Comunidad\u201d.<\/strong><\/p>\n<p style=\"text-align: justify;\"><!--more--><\/p>\n<p style=\"text-align: justify;\">El Ombudsman Provincial, Dr. Jos\u00e9 Leonardo Gialluca, se\u00f1alo que ya hemos dejado de ser hace rato una \u201caldea\u201d y constituimos una importante ciudad de casi 300 mil habitantes y donde hermanas, madres o familiares exponen estos problemas que tienen variadas aristas y que no son nuevos, pues ya en la antig\u00fcedad las ni\u00f1as, ni\u00f1os y adolescentes han sido v\u00edctimas de maltratos y abusos sexuales, en su inmensa mayor\u00eda cometidos por adultos mayores integrantes de su entorno m\u00e1s cercano o familiares.<\/p>\n<p style=\"text-align: justify;\">En ocasiones hemos detectado estos abusos, en Instituciones Educativas o de otro car\u00e1cter y no es posible que por amenazas, miedo, desconocimiento se silencie a las v\u00edctimas. Es por eso que con frecuencia pasan muchos a\u00f1os o tiempo, para que estos delitos salgan a la luz, \u201cy lo peor es que quedaban impunes sus autores\u201d.<\/p>\n<p style=\"text-align: justify;\">Desde ahora se\u00f1alo el funcionario, tenemos una nueva Ley para que no todo sea teor\u00eda y el tiempo de la Justicia coincida con el de los hombres y por ello el Senado de la Naci\u00f3n, ha determinado que a partir de ahora, la prescripci\u00f3n de estos delitos empezara a contarse desde el momento en que la victima realiza la denuncia o la ratifica en caso de que la haya hecho otra persona. El mismo criterio se aplicara para el delito de trata y por otro lado, los condenados que hubieran aprovechado su cargo o posici\u00f3n para la comisi\u00f3n del abuso sexual quedaran inhabilitados para ejercer o desempe\u00f1ar esa funci\u00f3n por el resto de sus vidas.<\/p>\n<p style=\"text-align: justify;\">\n","protected":false},"excerpt":{"rendered":"<p>El -\u00c1rea de Ni\u00f1ez, Adolescencia, Seguridad Social, Adultos Mayores-, de la Defensor\u00eda del Pueblo de la Provincia, que oportunamente acompa\u00f1ara en las Comisiones respectivas del Congreso de la Naci\u00f3n, un Proyecto de Ley, para evitar la prescripci\u00f3n de los delitos de abuso sexual y que se impulsara a trav\u00e9s de las redes sociales, hoy nuestro [&hellip;]<\/p>\n","protected":false},"author":1,"featured_media":1979,"comment_status":"closed","ping_status":"closed","sticky":false,"template":"","format":"standard","meta":{"footnotes":""},"categories":[4,1],"tags":[],"class_list":["post-1978","post","type-post","status-publish","format-standard","has-post-thumbnail","hentry","category-ddhh","category-noticias"],"_links":{"self":[{"href":"https:\/\/defensoriaformosa.gob.ar\/index.php?rest_route=\/wp\/v2\/posts\/1978","targetHints":{"allow":["GET"]}}],"collection":[{"href":"https:\/\/defensoriaformosa.gob.ar\/index.php?rest_route=\/wp\/v2\/posts"}],"about":[{"href":"https:\/\/defensoriaformosa.gob.ar\/index.php?rest_route=\/wp\/v2\/types\/post"}],"author":[{"embeddable":true,"href":"https:\/\/defensoriaformosa.gob.ar\/index.php?rest_route=\/wp\/v2\/users\/1"}],"replies":[{"embeddable":true,"href":"https:\/\/defensoriaformosa.gob.ar\/index.php?rest_route=%2Fwp%2Fv2%2Fcomments&post=1978"}],"version-history":[{"count":1,"href":"https:\/\/defensoriaformosa.gob.ar\/index.php?rest_route=\/wp\/v2\/posts\/1978\/revisions"}],"predecessor-version":[{"id":1980,"href":"https:\/\/defensoriaformosa.gob.ar\/index.php?rest_route=\/wp\/v2\/posts\/1978\/revisions\/1980"}],"wp:featuredmedia":[{"embeddable":true,"href":"https:\/\/defensoriaformosa.gob.ar\/index.php?rest_route=\/wp\/v2\/media\/1979"}],"wp:attachment":[{"href":"https:\/\/defensoriaformosa.gob.ar\/index.php?rest_route=%2Fwp%2Fv2%2Fmedia&parent=1978"}],"wp:term":[{"taxonomy":"category","embeddable":true,"href":"https:\/\/defensoriaformosa.gob.ar\/index.php?rest_route=%2Fwp%2Fv2%2Fcategories&post=1978"},{"taxonomy":"post_tag","embeddable":true,"href":"https:\/\/defensoriaformosa.gob.ar\/index.php?rest_route=%2Fwp%2Fv2%2Ftags&post=1978"}],"curies":[{"name":"wp","href":"https:\/\/api.w.org\/{rel}","templated":true}]}}