{"id":1971,"date":"2015-10-30T14:42:38","date_gmt":"2015-10-30T17:42:38","guid":{"rendered":"http:\/\/2015.defensoriaformosa.gob.ar\/?p=1971"},"modified":"2015-10-30T14:42:46","modified_gmt":"2015-10-30T17:42:46","slug":"sse-informo-a-los-ciudadanos-que-en-el-ballotage-se-votara-en-el-mismo-lugar-que-el-domingo-25-y-se-desempenaran-tambien-las-mismas-autoridades-de-mesa","status":"publish","type":"post","link":"https:\/\/defensoriaformosa.gob.ar\/?p=1971","title":{"rendered":"SE INFORMO A LOS CIUDADANOS QUE EN EL \u201c BALLOTAGE\u201d, SE VOTARA EN EL MISMO LUGAR QUE EL DOMINGO 25 Y SE DESEMPE\u00d1ARAN TAMBIEN LAS MISMAS AUTORIDADES DE MESA"},"content":{"rendered":"<p style=\"text-align: justify;\"><strong>En noviembre se respetar\u00e1 el padr\u00f3n de las elecciones de octubre.<\/strong><\/p>\n<p style=\"text-align: justify;\"><!--more--><\/p>\n<p style=\"text-align: justify;\">El \u2013ODEPOE- Observatorio de Derechos Pol\u00edticos y Electorales-, que funciona en la Defensor\u00eda del Pueblo de la Provincia, informo que en el\u00a0<a href=\"http:\/\/www.elintransigente.com\/temas\/ballottage-16138.html\">ballotage<\/a>\u00a0del pr\u00f3ximo 22 de noviembre se respetar\u00e1 el padr\u00f3n electoral de las <a href=\"http:\/\/www.elintransigente.com\/temas\/elecciones-2015-6908.html\">elecciones<\/a>\u00a0del \u00faltimo domingo 25, y\u00a0se votar\u00e1 en el mismo lugar\u00a0que en la primera vuelta.<\/p>\n<p style=\"text-align: justify;\">Todo ello surge de una Acordada de la C\u00e1mara Nacional Electoral que ratific\u00f3 que en el\u00a0ballotage se votar\u00e1 en el mismo lugar que en la primera vuelta\u00a0y con el mismo padr\u00f3n electoral; adem\u00e1s, se confirm\u00f3 que en los sitios de votaci\u00f3n se desempe\u00f1ar\u00e1n las mismas autoridades de mesa que el domingo 25 de octubre.<\/p>\n<p style=\"text-align: justify;\">Los apoderados del Frente Para la Victoria y Cambiemos acordaron adem\u00e1s que se utilizar\u00e1n las mismas boletas que en la primera vuelta, con la \u00fanica modificaci\u00f3n de la fecha.<\/p>\n<p style=\"text-align: justify;\">El pr\u00f3ximo 6 de noviembre deber\u00e1 estar completado y comunicado al Senado de la Naci\u00f3n el escrutinio definitivo de la primera vuelta, y un d\u00eda despu\u00e9s entrar\u00e1 en vigor la veda para difusi\u00f3n de actos de gobierno susceptible de captar sufragios.<\/p>\n<p style=\"text-align: justify;\">La Asamblea Legislativa proclamar\u00e1 los resultados de la primera vuelta el 9 de noviembre, y el 14 ser\u00e1 el plazo m\u00e1ximo para qu\u00e9 las dos f\u00f3rmulas habilitadas confirmen su decisi\u00f3n de postularse.<\/p>\n<p style=\"text-align: justify;\">La campa\u00f1a publicitaria de Daniel Scioli y Mauricio Macri usar\u00e1 espacios gratuitos durante diez d\u00edas, desde el martes 10 de noviembre a las 8 de la ma\u00f1ana, hasta la misma hora del viernes 20, donde comenzar\u00e1 a regir la veda electoral.<\/p>\n<p style=\"text-align: justify;\">La C\u00e1mara aprob\u00f3 ayer el modelo de Acta de Escrutinio de Mesa que ser\u00e1 impresa por la D.N.E y distribuida por el Correo con el material electoral restante.<\/p>\n<p style=\"text-align: justify;\">Desde el ODEPOE, se confirmo que se trabajara nuevamente, de la misma manera que se hizo en la Primera Vuelta en la Provincia de Formosa, y rechazo enf\u00e1ticamente las diferentes manifestaciones o informaciones, propaladas por algunos medios locales de comunicaci\u00f3n, \u201cque tienden nuevamente a meter miedo hacia todos los ciudadanos que se encuentran absolutamente habilitados para sufragar y provienen de lugares como la Ciudad de Alberdi y por ello, se considero que la totalidad de quienes emitieron su sufragio en Primera Vuelta, tambi\u00e9n tienen pleno derecho a votar en el ballotage\u201d.<\/p>\n","protected":false},"excerpt":{"rendered":"<p>En noviembre se respetar\u00e1 el padr\u00f3n de las elecciones de octubre.<\/p>\n","protected":false},"author":1,"featured_media":1972,"comment_status":"closed","ping_status":"closed","sticky":false,"template":"","format":"standard","meta":{"footnotes":""},"categories":[1],"tags":[],"class_list":["post-1971","post","type-post","status-publish","format-standard","has-post-thumbnail","hentry","category-noticias"],"_links":{"self":[{"href":"https:\/\/defensoriaformosa.gob.ar\/index.php?rest_route=\/wp\/v2\/posts\/1971","targetHints":{"allow":["GET"]}}],"collection":[{"href":"https:\/\/defensoriaformosa.gob.ar\/index.php?rest_route=\/wp\/v2\/posts"}],"about":[{"href":"https:\/\/defensoriaformosa.gob.ar\/index.php?rest_route=\/wp\/v2\/types\/post"}],"author":[{"embeddable":true,"href":"https:\/\/defensoriaformosa.gob.ar\/index.php?rest_route=\/wp\/v2\/users\/1"}],"replies":[{"embeddable":true,"href":"https:\/\/defensoriaformosa.gob.ar\/index.php?rest_route=%2Fwp%2Fv2%2Fcomments&post=1971"}],"version-history":[{"count":2,"href":"https:\/\/defensoriaformosa.gob.ar\/index.php?rest_route=\/wp\/v2\/posts\/1971\/revisions"}],"predecessor-version":[{"id":1974,"href":"https:\/\/defensoriaformosa.gob.ar\/index.php?rest_route=\/wp\/v2\/posts\/1971\/revisions\/1974"}],"wp:featuredmedia":[{"embeddable":true,"href":"https:\/\/defensoriaformosa.gob.ar\/index.php?rest_route=\/wp\/v2\/media\/1972"}],"wp:attachment":[{"href":"https:\/\/defensoriaformosa.gob.ar\/index.php?rest_route=%2Fwp%2Fv2%2Fmedia&parent=1971"}],"wp:term":[{"taxonomy":"category","embeddable":true,"href":"https:\/\/defensoriaformosa.gob.ar\/index.php?rest_route=%2Fwp%2Fv2%2Fcategories&post=1971"},{"taxonomy":"post_tag","embeddable":true,"href":"https:\/\/defensoriaformosa.gob.ar\/index.php?rest_route=%2Fwp%2Fv2%2Ftags&post=1971"}],"curies":[{"name":"wp","href":"https:\/\/api.w.org\/{rel}","templated":true}]}}