{"id":1952,"date":"2015-10-27T14:48:40","date_gmt":"2015-10-27T17:48:40","guid":{"rendered":"http:\/\/2015.defensoriaformosa.gob.ar\/?p=1952"},"modified":"2015-10-27T14:48:40","modified_gmt":"2015-10-27T17:48:40","slug":"la-comision-nacional-electoral-agradecio-el-trabajo-de-las-defensorias-del-pueblo-en-las-elecciones-de-25-de-octubre-y-se-analiza-similar-fiscalizacion-y-observacion-en-el-ballotage","status":"publish","type":"post","link":"https:\/\/defensoriaformosa.gob.ar\/?p=1952","title":{"rendered":"LA COMISION NACIONAL ELECTORAL AGRADECIO EL TRABAJO DE LAS DEFENSORIAS DEL PUEBLO EN LAS ELECCIONES DE 25 DE OCTUBRE Y SE ANALIZA SIMILAR FISCALIZACION Y OBSERVACION EN EL BALLOTAGE"},"content":{"rendered":"<p style=\"text-align: justify;\"><strong>Desde la Defensor\u00eda del Pueblo de la Provincia de Formosa, se informo que en el d\u00eda de ayer, el Dr. Santiago Hern\u00e1n Corcuera, Presidente de la C\u00e1mara Electoral Nacional, agradeci\u00f3 y felicito por el trabajo que desarrollaron las Defensor\u00edas del Pueblo de todo el pa\u00eds nucleadas en ADPRA, y resalto el esfuerzo de todos.<\/strong><\/p>\n<p style=\"text-align: justify;\"><!--more--><\/p>\n<p style=\"text-align: justify;\">Desde los Organismos de la Constituci\u00f3n, se se\u00f1alo que las Defensor\u00edas estuvieron en el lugar donde ten\u00edan que estar y que no es otro que defendiendo el voto de todos los ciudadanos, que es un derecho que tenemos, en una elecci\u00f3n ejemplar en la que no hubo denuncias de ning\u00fan tipo en todo el pa\u00eds, y todos fuimos parte de ello, concret\u00e1ndose un acto eleccionario absolutamente transparente.<\/p>\n<p style=\"text-align: justify;\">El Ombudsman Provincial, Dr. Jos\u00e9 Leonardo Gialluca, consultado sobre si se volver\u00e1 a participar desde la Defensor\u00eda del Pueblo de la Provincia de Formosa, para el pr\u00f3ximo ballotage, respondi\u00f3 que la pr\u00f3xima semana tendremos una reuni\u00f3n entre todas las Defensor\u00edas de la Republica Argentina, y casi con seguridad tambi\u00e9n estaremos trabajando en la segunda vuelta electoral y para ello obviamente volveremos a acordar lo que sea necesario con la Comisi\u00f3n Nacional Electoral , b\u00e1sicamente con su Presidente, y a partir de all\u00ed desplegar nuestras funciones de fiscalizaci\u00f3n, observaci\u00f3n del pr\u00f3ximo proceso electoral, que determinara, quien ser\u00e1 el nuevo Presidente de nuestro pa\u00eds.<\/p>\n<p><strong>\u00a0<\/strong><\/p>\n","protected":false},"excerpt":{"rendered":"<p>Desde la Defensor\u00eda del Pueblo de la Provincia de Formosa, se informo que en el d\u00eda de ayer, el Dr. Santiago Hern\u00e1n Corcuera, Presidente de la C\u00e1mara Electoral Nacional, agradeci\u00f3 y felicito por el trabajo que desarrollaron las Defensor\u00edas del Pueblo de todo el pa\u00eds nucleadas en ADPRA, y resalto el esfuerzo de todos.<\/p>\n","protected":false},"author":1,"featured_media":21,"comment_status":"closed","ping_status":"closed","sticky":false,"template":"","format":"standard","meta":{"footnotes":""},"categories":[1],"tags":[],"class_list":["post-1952","post","type-post","status-publish","format-standard","has-post-thumbnail","hentry","category-noticias"],"_links":{"self":[{"href":"https:\/\/defensoriaformosa.gob.ar\/index.php?rest_route=\/wp\/v2\/posts\/1952","targetHints":{"allow":["GET"]}}],"collection":[{"href":"https:\/\/defensoriaformosa.gob.ar\/index.php?rest_route=\/wp\/v2\/posts"}],"about":[{"href":"https:\/\/defensoriaformosa.gob.ar\/index.php?rest_route=\/wp\/v2\/types\/post"}],"author":[{"embeddable":true,"href":"https:\/\/defensoriaformosa.gob.ar\/index.php?rest_route=\/wp\/v2\/users\/1"}],"replies":[{"embeddable":true,"href":"https:\/\/defensoriaformosa.gob.ar\/index.php?rest_route=%2Fwp%2Fv2%2Fcomments&post=1952"}],"version-history":[{"count":1,"href":"https:\/\/defensoriaformosa.gob.ar\/index.php?rest_route=\/wp\/v2\/posts\/1952\/revisions"}],"predecessor-version":[{"id":1953,"href":"https:\/\/defensoriaformosa.gob.ar\/index.php?rest_route=\/wp\/v2\/posts\/1952\/revisions\/1953"}],"wp:featuredmedia":[{"embeddable":true,"href":"https:\/\/defensoriaformosa.gob.ar\/index.php?rest_route=\/wp\/v2\/media\/21"}],"wp:attachment":[{"href":"https:\/\/defensoriaformosa.gob.ar\/index.php?rest_route=%2Fwp%2Fv2%2Fmedia&parent=1952"}],"wp:term":[{"taxonomy":"category","embeddable":true,"href":"https:\/\/defensoriaformosa.gob.ar\/index.php?rest_route=%2Fwp%2Fv2%2Fcategories&post=1952"},{"taxonomy":"post_tag","embeddable":true,"href":"https:\/\/defensoriaformosa.gob.ar\/index.php?rest_route=%2Fwp%2Fv2%2Ftags&post=1952"}],"curies":[{"name":"wp","href":"https:\/\/api.w.org\/{rel}","templated":true}]}}