{"id":1940,"date":"2015-10-25T15:29:14","date_gmt":"2015-10-25T18:29:14","guid":{"rendered":"http:\/\/2015.defensoriaformosa.gob.ar\/?p=1940"},"modified":"2015-10-26T13:12:51","modified_gmt":"2015-10-26T16:12:51","slug":"informaron-que-evento-sobre-la-inclusion-social-se-postergo-por-inclemencia-climatica","status":"publish","type":"post","link":"https:\/\/defensoriaformosa.gob.ar\/?p=1940","title":{"rendered":"INFORMARON QUE EVENTO SOBRE \u201cLA INCLUSION SOCIAL\u201d SE POSTERGO POR INCLEMENCIA CLIMATICA"},"content":{"rendered":"<p style=\"text-align: justify;\"><strong>La Direcci\u00f3n de Discapacidad a cargo de la Sra. Liliana Saavedra, dependiente del Ministerio de la Comunidad de la Provincia, junto a la Defensor\u00eda del Pueblo y a la Oficina de Quejas y Reclamos de la Defensor\u00eda del Pueblo de Naci\u00f3n, ambas con sede en Padre Pati\u00f1o N\u00ba 831, comunicaron a toda la ciudadan\u00eda en general que, el evento a desarrollarse en la Plaza San Martin de nuestra ciudad referido a diferentes actividades entre las 17 y las 21 hs para conmemorarse la Inclusi\u00f3n Social en todos sus aspectos, ha quedado suspendida por las inclemencias clim\u00e1ticas y por lo que se reprogramara su fecha y desarrollo futuro .<\/strong><\/p>\n<p style=\"text-align: justify;\"><!--more--><\/p>\n<p style=\"text-align: justify;\">El Representante de la Oficina de Quejas y Reclamos de la Defensor\u00eda del Pueblo de Naci\u00f3n, Dr. Julio N\u00e9stor Santander, quienes tambi\u00e9n se sumaran oportunamente a esta celebraci\u00f3n, considero que, dentro de la inclusi\u00f3n debemos agrupar a las actitudes, las pol\u00edticas y las tendencias, que se propongan integrar a las personas de distintos sectores a la sociedad a la cual pertenecen, proponi\u00e9ndose que las mismas contribuyan aportando sus talentos. La inclusi\u00f3n debe concretarse desde todos los planos: pol\u00edtico, econ\u00f3mico, educativo, social, entre otros.<\/p>\n<p style=\"text-align: justify;\">Los m\u00e9todos a los que se recurre para llevar adelante el fen\u00f3meno de inclusi\u00f3n social pueden ser muy variados, aunque por lo general tienen que ver con proveer a esos sectores desprotegidos y discriminados con todos aquellos medios necesarios para poder desarrollar un estilo de vida digno y estable con una fuerte impronta de igualdad de oportunidades para todos los ciudadanos.<\/p>\n<p style=\"text-align: justify;\">\n","protected":false},"excerpt":{"rendered":"<p>La Direcci\u00f3n de Discapacidad a cargo de la Sra. Liliana Saavedra, dependiente del Ministerio de la Comunidad de la Provincia, junto a la Defensor\u00eda del Pueblo y a la Oficina de Quejas y Reclamos de la Defensor\u00eda del Pueblo de Naci\u00f3n, ambas con sede en Padre Pati\u00f1o N\u00ba 831, comunicaron a toda la ciudadan\u00eda en [&hellip;]<\/p>\n","protected":false},"author":1,"featured_media":1941,"comment_status":"closed","ping_status":"closed","sticky":false,"template":"","format":"standard","meta":{"footnotes":""},"categories":[1],"tags":[],"class_list":["post-1940","post","type-post","status-publish","format-standard","has-post-thumbnail","hentry","category-noticias"],"_links":{"self":[{"href":"https:\/\/defensoriaformosa.gob.ar\/index.php?rest_route=\/wp\/v2\/posts\/1940","targetHints":{"allow":["GET"]}}],"collection":[{"href":"https:\/\/defensoriaformosa.gob.ar\/index.php?rest_route=\/wp\/v2\/posts"}],"about":[{"href":"https:\/\/defensoriaformosa.gob.ar\/index.php?rest_route=\/wp\/v2\/types\/post"}],"author":[{"embeddable":true,"href":"https:\/\/defensoriaformosa.gob.ar\/index.php?rest_route=\/wp\/v2\/users\/1"}],"replies":[{"embeddable":true,"href":"https:\/\/defensoriaformosa.gob.ar\/index.php?rest_route=%2Fwp%2Fv2%2Fcomments&post=1940"}],"version-history":[{"count":1,"href":"https:\/\/defensoriaformosa.gob.ar\/index.php?rest_route=\/wp\/v2\/posts\/1940\/revisions"}],"predecessor-version":[{"id":1942,"href":"https:\/\/defensoriaformosa.gob.ar\/index.php?rest_route=\/wp\/v2\/posts\/1940\/revisions\/1942"}],"wp:featuredmedia":[{"embeddable":true,"href":"https:\/\/defensoriaformosa.gob.ar\/index.php?rest_route=\/wp\/v2\/media\/1941"}],"wp:attachment":[{"href":"https:\/\/defensoriaformosa.gob.ar\/index.php?rest_route=%2Fwp%2Fv2%2Fmedia&parent=1940"}],"wp:term":[{"taxonomy":"category","embeddable":true,"href":"https:\/\/defensoriaformosa.gob.ar\/index.php?rest_route=%2Fwp%2Fv2%2Fcategories&post=1940"},{"taxonomy":"post_tag","embeddable":true,"href":"https:\/\/defensoriaformosa.gob.ar\/index.php?rest_route=%2Fwp%2Fv2%2Ftags&post=1940"}],"curies":[{"name":"wp","href":"https:\/\/api.w.org\/{rel}","templated":true}]}}