{"id":1937,"date":"2015-10-25T15:24:33","date_gmt":"2015-10-25T18:24:33","guid":{"rendered":"http:\/\/2015.defensoriaformosa.gob.ar\/?p=1937"},"modified":"2015-10-25T21:05:20","modified_gmt":"2015-10-26T00:05:20","slug":"aseguraron-desde-la-defensoria-del-pueblo-que-la-inclusion-social-es-una-responsabilidad-de-todos-para-evitar-desamparos-y-abandonos","status":"publish","type":"post","link":"https:\/\/defensoriaformosa.gob.ar\/?p=1937","title":{"rendered":"ASEGURARON DESDE LA DEFENSORIA DEL PUEBLO QUE LA INCLUSION SOCIAL ES UNA RESPONSABILIDAD DE TODOS, PARA EVITAR DESAMPAROS Y ABANDONOS"},"content":{"rendered":"<p style=\"text-align: justify;\"><strong>En el dia de la fecha, se desarrollaran en la Plaza San Martin de nuestra ciudad diferentes actividades entre las 17 y las 21 hs referidas a conmemorar la Inclusi\u00f3n Social en todos sus aspectos, a trav\u00e9s de las acciones de diferentes Ministerios, Subsecretarias, ONGs, que d\u00eda a d\u00eda trabajan silenciosamente en la contenci\u00f3n de algo o alguien, y por ello se invita a toda la ciudadan\u00eda a concurrir y participar, para profundizar la concientizaci\u00f3n sobre distintos aspectos de la inclusi\u00f3n social.<\/strong><\/p>\n<p style=\"text-align: justify;\"><!--more--><\/p>\n<p style=\"text-align: justify;\">La Defensor\u00eda del Pueblo de la Provincia, se suma a este d\u00eda pues es necesario que comprendamos que es necesario sumar acciones positivas para que ning\u00fan individuo o sectores de nuestra Comunidad, queden marginados socialmente.<\/p>\n<p style=\"text-align: justify;\">El Ombudsman Provincial, Dr. Jos\u00e9 Leonardo Gialluca, se\u00f1alo que: la inclusi\u00f3n, debe ser entendida desde un punto de vista social, tiene que ver con el trabajo que diferentes personas realizan a diario para asegurar que grandes sectores de la sociedad no queden por fuera de esta y entren entonces en una espiral de violencia, delincuencia y humildes condiciones de vida. La inclusi\u00f3n social significa integrar a la vida comunitaria a todos los miembros de la sociedad, independientemente de su origen, de su actividad, de su condici\u00f3n socio-econ\u00f3mica o de su pensamiento<\/p>\n<p style=\"text-align: justify;\">El Representante de la Oficina de Quejas y Reclamos de la Defensor\u00eda del Pueblo de Naci\u00f3n, Dr. Julio N\u00e9stor Santander, quienes tambi\u00e9n se suman en esta oportunidad a esta celebraci\u00f3n, considero que, dentro de la inclusi\u00f3n debemos agrupar a las actitudes, las pol\u00edticas y las tendencias, que se propongan integrar a las personas de distintos sectores a la sociedad a la cual pertenecen, proponi\u00e9ndose que las mismas contribuyan aportando sus talentos. La inclusi\u00f3n debe concretarse desde todos los planos: pol\u00edtico, econ\u00f3mico, educativo, social, entre otros.<br \/>\nLos m\u00e9todos a los que se recurre para llevar adelante el fen\u00f3meno de inclusi\u00f3n social pueden ser muy variados, aunque por lo general tienen que ver con proveer a esos sectores desprotegidos y discriminados con todos aquellos medios necesarios para poder desarrollar un estilo de vida digno y estable.<\/p>\n","protected":false},"excerpt":{"rendered":"<p>En el dia de la fecha, se desarrollaran en la Plaza San Martin de nuestra ciudad diferentes actividades entre las 17 y las 21 hs referidas a conmemorar la Inclusi\u00f3n Social en todos sus aspectos, a trav\u00e9s de las acciones de diferentes Ministerios, Subsecretarias, ONGs, que d\u00eda a d\u00eda trabajan silenciosamente en la contenci\u00f3n de [&hellip;]<\/p>\n","protected":false},"author":1,"featured_media":1938,"comment_status":"closed","ping_status":"closed","sticky":false,"template":"","format":"standard","meta":{"footnotes":""},"categories":[1],"tags":[],"class_list":["post-1937","post","type-post","status-publish","format-standard","has-post-thumbnail","hentry","category-noticias"],"_links":{"self":[{"href":"https:\/\/defensoriaformosa.gob.ar\/index.php?rest_route=\/wp\/v2\/posts\/1937","targetHints":{"allow":["GET"]}}],"collection":[{"href":"https:\/\/defensoriaformosa.gob.ar\/index.php?rest_route=\/wp\/v2\/posts"}],"about":[{"href":"https:\/\/defensoriaformosa.gob.ar\/index.php?rest_route=\/wp\/v2\/types\/post"}],"author":[{"embeddable":true,"href":"https:\/\/defensoriaformosa.gob.ar\/index.php?rest_route=\/wp\/v2\/users\/1"}],"replies":[{"embeddable":true,"href":"https:\/\/defensoriaformosa.gob.ar\/index.php?rest_route=%2Fwp%2Fv2%2Fcomments&post=1937"}],"version-history":[{"count":1,"href":"https:\/\/defensoriaformosa.gob.ar\/index.php?rest_route=\/wp\/v2\/posts\/1937\/revisions"}],"predecessor-version":[{"id":1939,"href":"https:\/\/defensoriaformosa.gob.ar\/index.php?rest_route=\/wp\/v2\/posts\/1937\/revisions\/1939"}],"wp:featuredmedia":[{"embeddable":true,"href":"https:\/\/defensoriaformosa.gob.ar\/index.php?rest_route=\/wp\/v2\/media\/1938"}],"wp:attachment":[{"href":"https:\/\/defensoriaformosa.gob.ar\/index.php?rest_route=%2Fwp%2Fv2%2Fmedia&parent=1937"}],"wp:term":[{"taxonomy":"category","embeddable":true,"href":"https:\/\/defensoriaformosa.gob.ar\/index.php?rest_route=%2Fwp%2Fv2%2Fcategories&post=1937"},{"taxonomy":"post_tag","embeddable":true,"href":"https:\/\/defensoriaformosa.gob.ar\/index.php?rest_route=%2Fwp%2Fv2%2Ftags&post=1937"}],"curies":[{"name":"wp","href":"https:\/\/api.w.org\/{rel}","templated":true}]}}