{"id":1934,"date":"2015-10-25T15:26:40","date_gmt":"2015-10-25T18:26:40","guid":{"rendered":"http:\/\/2015.defensoriaformosa.gob.ar\/?p=1934"},"modified":"2015-10-25T21:03:51","modified_gmt":"2015-10-26T00:03:51","slug":"los-electores-consumidores-destacan-a-quienes-les-aseguren-previsibilidad-en-factores-economicos","status":"publish","type":"post","link":"https:\/\/defensoriaformosa.gob.ar\/?p=1934","title":{"rendered":"LOS ELECTORES \u2013 CONSUMIDORES, DESTACAN A QUIENES LES ASEGUREN PREVISIBILIDAD EN FACTORES ECONOMICOS"},"content":{"rendered":"<p style=\"text-align: justify;\"><strong>De un relevamiento efectuado por la Defensor\u00eda del Pueblo, tomando como base la postura de cien consumidores de nuestra ciudad capital y otros cien pero que residen permanentemente tanto en Clorinda, El Colorado, como Las Lomitas y consultados sobre cu\u00e1les son las propuestas m\u00e1s interesantes de los candidatos a la Presidencia de la Naci\u00f3n, el 90% de las respuestas se centro en cuestiones netamente econ\u00f3micas y se\u00f1alaron que entre ellas la devoluci\u00f3n del IVA a jubilados, pensionados, beneficiarios de AUH, y por embarazo, as\u00ed como tambi\u00e9n la disminuci\u00f3n del impuesto a las ganancias sobresalen entre los pedidos m\u00e1s claros. En este sentido tambi\u00e9n indicaron como necesario que se implemente en forma urgente una serie de medidas para que los productos de consumo masivos no incrementen sus precios en forma permanente y para ello piden que el Estado intervenga en las cadenas de comercializaci\u00f3n de modo que los formadores de precios y los intermediarios desaparezcan o sean anulados en las relaciones entre el productor y el consumidor.<\/strong><\/p>\n<p style=\"text-align: justify;\"><!--more--><\/p>\n<p style=\"text-align: justify;\">En este punto, a la consulta de si esto se debe dar en forma de \u2013shock-, el 80% respondi\u00f3 afirmativamente, dejando a salvo que esas soluciones a estos problemas se mantengan en el tiempo en forma solida, para crear una fuerte y mayor confianza en los consumidores.<\/p>\n<p style=\"text-align: justify;\">El resto del porcentaje, se refiri\u00f3 a la necesidad de que exista una mayor seguridad en todos los aspectos y que la Justicia no imponga penas tan \u2013blandas- a quienes cometen diversos delitos, ya sea contra la propiedad, as\u00ed como tambi\u00e9n contra las personas, siendo necesario modificaciones a las cuestiones de delitos y menores de edad.<\/p>\n<p style=\"text-align: justify;\">Por \u00faltimo existi\u00f3 consenso en la necesidad de crear mayores fuentes de trabajo, toda vez que nuestra provincia cuenta actualmente se\u00f1alaron, con una infraestructura de servicios energ\u00e9ticos, de comunicaciones y de formaci\u00f3n educativa en todos sus niveles que hace unos a\u00f1os atr\u00e1s no exist\u00eda y por ello todos apuestan a la multiplicaci\u00f3n de peque\u00f1os emprendimientos, ya sea a trav\u00e9s de la formaci\u00f3n de Pymes, Cooperativas y la posibilidad de acceso al cr\u00e9dito bancario pero a tasas bajas y sin tantos tr\u00e1mites.<\/p>\n","protected":false},"excerpt":{"rendered":"<p>De un relevamiento efectuado por la Defensor\u00eda del Pueblo, tomando como base la postura de cien consumidores de nuestra ciudad capital y otros cien pero que residen permanentemente tanto en Clorinda, El Colorado, como Las Lomitas y consultados sobre cu\u00e1les son las propuestas m\u00e1s interesantes de los candidatos a la Presidencia de la Naci\u00f3n, el [&hellip;]<\/p>\n","protected":false},"author":1,"featured_media":1935,"comment_status":"closed","ping_status":"closed","sticky":false,"template":"","format":"standard","meta":{"footnotes":""},"categories":[1],"tags":[],"class_list":["post-1934","post","type-post","status-publish","format-standard","has-post-thumbnail","hentry","category-noticias"],"_links":{"self":[{"href":"https:\/\/defensoriaformosa.gob.ar\/index.php?rest_route=\/wp\/v2\/posts\/1934","targetHints":{"allow":["GET"]}}],"collection":[{"href":"https:\/\/defensoriaformosa.gob.ar\/index.php?rest_route=\/wp\/v2\/posts"}],"about":[{"href":"https:\/\/defensoriaformosa.gob.ar\/index.php?rest_route=\/wp\/v2\/types\/post"}],"author":[{"embeddable":true,"href":"https:\/\/defensoriaformosa.gob.ar\/index.php?rest_route=\/wp\/v2\/users\/1"}],"replies":[{"embeddable":true,"href":"https:\/\/defensoriaformosa.gob.ar\/index.php?rest_route=%2Fwp%2Fv2%2Fcomments&post=1934"}],"version-history":[{"count":1,"href":"https:\/\/defensoriaformosa.gob.ar\/index.php?rest_route=\/wp\/v2\/posts\/1934\/revisions"}],"predecessor-version":[{"id":1936,"href":"https:\/\/defensoriaformosa.gob.ar\/index.php?rest_route=\/wp\/v2\/posts\/1934\/revisions\/1936"}],"wp:featuredmedia":[{"embeddable":true,"href":"https:\/\/defensoriaformosa.gob.ar\/index.php?rest_route=\/wp\/v2\/media\/1935"}],"wp:attachment":[{"href":"https:\/\/defensoriaformosa.gob.ar\/index.php?rest_route=%2Fwp%2Fv2%2Fmedia&parent=1934"}],"wp:term":[{"taxonomy":"category","embeddable":true,"href":"https:\/\/defensoriaformosa.gob.ar\/index.php?rest_route=%2Fwp%2Fv2%2Fcategories&post=1934"},{"taxonomy":"post_tag","embeddable":true,"href":"https:\/\/defensoriaformosa.gob.ar\/index.php?rest_route=%2Fwp%2Fv2%2Ftags&post=1934"}],"curies":[{"name":"wp","href":"https:\/\/api.w.org\/{rel}","templated":true}]}}