{"id":1877,"date":"2015-10-19T16:08:19","date_gmt":"2015-10-19T19:08:19","guid":{"rendered":"http:\/\/2015.defensoriaformosa.gob.ar\/?p=1877"},"modified":"2015-10-19T16:08:19","modified_gmt":"2015-10-19T19:08:19","slug":"desde-la-defensoria-del-pueblo-se-intimo-a-la-empresa-ciudad-de-formosa-para-que-el-servicio-de-transporte-urbano-de-pasajeros-sea-brindado-con-normalidad-en-todas-sus-lineas","status":"publish","type":"post","link":"https:\/\/defensoriaformosa.gob.ar\/?p=1877","title":{"rendered":"DESDE LA DEFENSORIA DEL PUEBLO SE INTIMO A LA EMPRESA CIUDAD DE FORMOSA, PARA QUE EL SERVICIO DE TRANSPORTE URBANO DE PASAJEROS, SEA BRINDADO CON NORMALIDAD EN TODAS SUS LINEAS"},"content":{"rendered":"<p style=\"text-align: justify;\"><strong>Como consecuencia de las quejas, reclamos y denuncias por parte de usuarios del transporte p\u00fablico de pasajeros de nuestro medio, que actualmente es brindado por la Empresa San Jos\u00e9- Ciudad de Formosa, en cuanto al no cumplimiento de las prestaciones en forma regular y con las frecuencias debidas, principalmente de las l\u00edneas 80, 40 y 60; desde la \u2013 Direcci\u00f3n de Servicios P\u00fablicos- Prestaciones- Bienes y Servicios-, de la Defensor\u00eda del Pueblo de la Provincia de Formosa; se intimo al Gerente de la firma Sr. Juan Pablo Termite, a que adopten en el menor tiempo material posible, todas las medidas de hecho y derecho necesarias, para revertir esta situaci\u00f3n en un servicio p\u00fablico esencial y que con estas irregularidades afectan a miles de usuarios.<\/strong><\/p>\n<p style=\"text-align: justify;\"><!--more--><\/p>\n<p style=\"text-align: justify;\">El Ombudsman Provincial, Dr. Jos\u00e9 Leonardo Gialluca, aclaro que el actual servicio del transporte p\u00fablico de pasajeros en nuestra ciudad \u201cest\u00e1 siendo prestado con normalidad, excepto en las l\u00edneas 80 en donde dos (2) unidades, sumada a la 40 y 60, con una unidad cada una existen desde hace d\u00edas irregularidades y que son producto supuestamente de la conducta de algunos choferes obligados y responsables de brindar el servicio, y que no lo hacen por una aparente decisi\u00f3n unilateral, de ir a su propio gremio, la sede de la UTA, y en donde como consecuencia de una supuesta protesta gremial, dejan de prestar el servicio a la gente\u201d-<\/p>\n<p style=\"text-align: justify;\">Gialluca le expreso al Gerente Juan Pablo Termite, que si bien esta es una situaci\u00f3n, \u201cajena a la empresa, lo que no es indiferente para la firma, es la conducta de algunos choferes, que hacen que en las l\u00edneas antes citadas se vea el servicio prestado de manera anormal y es aqu\u00ed donde surge la responsabilidad de la firma Ciudad de Formosa, para quien ante estos hechos, debe regularizarlos y por ello dado que no es un hecho nuevo, la Defensor\u00eda, pidi\u00f3 adem\u00e1s la aplicaci\u00f3n de sanciones a la Direcci\u00f3n de Transporte del Municipio de la Ciudad\u201d.<\/p>\n","protected":false},"excerpt":{"rendered":"<p>Como consecuencia de las quejas, reclamos y denuncias por parte de usuarios del transporte p\u00fablico de pasajeros de nuestro medio, que actualmente es brindado por la Empresa San Jos\u00e9- Ciudad de Formosa, en cuanto al no cumplimiento de las prestaciones en forma regular y con las frecuencias debidas, principalmente de las l\u00edneas 80, 40 y [&hellip;]<\/p>\n","protected":false},"author":1,"featured_media":1144,"comment_status":"closed","ping_status":"closed","sticky":false,"template":"","format":"standard","meta":{"footnotes":""},"categories":[1,3],"tags":[],"class_list":["post-1877","post","type-post","status-publish","format-standard","has-post-thumbnail","hentry","category-noticias","category-defensa-de-los-derechos-del-usuario-consumidor-contribuyentes"],"_links":{"self":[{"href":"https:\/\/defensoriaformosa.gob.ar\/index.php?rest_route=\/wp\/v2\/posts\/1877","targetHints":{"allow":["GET"]}}],"collection":[{"href":"https:\/\/defensoriaformosa.gob.ar\/index.php?rest_route=\/wp\/v2\/posts"}],"about":[{"href":"https:\/\/defensoriaformosa.gob.ar\/index.php?rest_route=\/wp\/v2\/types\/post"}],"author":[{"embeddable":true,"href":"https:\/\/defensoriaformosa.gob.ar\/index.php?rest_route=\/wp\/v2\/users\/1"}],"replies":[{"embeddable":true,"href":"https:\/\/defensoriaformosa.gob.ar\/index.php?rest_route=%2Fwp%2Fv2%2Fcomments&post=1877"}],"version-history":[{"count":1,"href":"https:\/\/defensoriaformosa.gob.ar\/index.php?rest_route=\/wp\/v2\/posts\/1877\/revisions"}],"predecessor-version":[{"id":1878,"href":"https:\/\/defensoriaformosa.gob.ar\/index.php?rest_route=\/wp\/v2\/posts\/1877\/revisions\/1878"}],"wp:featuredmedia":[{"embeddable":true,"href":"https:\/\/defensoriaformosa.gob.ar\/index.php?rest_route=\/wp\/v2\/media\/1144"}],"wp:attachment":[{"href":"https:\/\/defensoriaformosa.gob.ar\/index.php?rest_route=%2Fwp%2Fv2%2Fmedia&parent=1877"}],"wp:term":[{"taxonomy":"category","embeddable":true,"href":"https:\/\/defensoriaformosa.gob.ar\/index.php?rest_route=%2Fwp%2Fv2%2Fcategories&post=1877"},{"taxonomy":"post_tag","embeddable":true,"href":"https:\/\/defensoriaformosa.gob.ar\/index.php?rest_route=%2Fwp%2Fv2%2Ftags&post=1877"}],"curies":[{"name":"wp","href":"https:\/\/api.w.org\/{rel}","templated":true}]}}