{"id":1865,"date":"2015-10-18T15:27:31","date_gmt":"2015-10-18T18:27:31","guid":{"rendered":"http:\/\/2015.defensoriaformosa.gob.ar\/?p=1865"},"modified":"2015-10-18T23:28:59","modified_gmt":"2015-10-19T02:28:59","slug":"la-defensoria-del-pueblo-de-la-provincia-y-la-oficina-de-nacion-se-solidarizaron-con-las-docentes-denunciadas-por-dar-una-clase-sobre-el-dia-del-heroe-formoseno","status":"publish","type":"post","link":"https:\/\/defensoriaformosa.gob.ar\/?p=1865","title":{"rendered":"LA DEFENSORIA DEL PUEBLO DE LA PROVINCIA Y LA OFICINA DE NACI\u00d3N SE SOLIDARIZARON CON LAS DOCENTES DENUNCIADAS POR DAR UNA CLASE SOBRE EL DIA DEL H\u00c9ROE FORMOSE\u00d1O"},"content":{"rendered":"<p style=\"text-align: justify;\"><strong>Ante los hechos concretos por los cuales una docente y una rectora de Provincia de La Rioja fueron denunciadas y sometidas a Sumario por apolog\u00eda del delito y reivindicaci\u00f3n del terrorismo de Estado por querer impartir una clase a sus alumnos sobre el 5 de octubre, el D\u00eda del H\u00e9roe Formose\u00f1o, cuando en 1975 atacaron al Regimiento de Infanter\u00eda Monte 29.<\/strong><\/p>\n<p style=\"text-align: justify;\"><!--more--><\/p>\n<p style=\"text-align: justify;\">Desde la Direcci\u00f3n de Derechos Humanos y Grupos Minoritarios \u2013 Discriminaci\u00f3n- Xenofobia- Trata de Personas- discapacidad-, de la Defensor\u00eda del Pueblo de la Provincia de Formosa, a manera de solidarizacion con las mismas, esto es la docente Fernanda Mejias y la Rectora Alicia Romero, ambas del colegio Joaqu\u00edn V. Gonzalez de la capital Riojana, Ex Colegio Nacional; en conjunto con la Oficina de la Defensor\u00eda del Pueblo de la Naci\u00f3n en nuestra Provincia, se enviaron sendas Actuaciones con una serie de antecedentes relacionados a los hechos reales acaecidos el 5 de Octubre de 1.975 en nuestra Ciudad Capital; al Sr. Ministro de Gobierno Justicia, Seguridad y Derechos Humanos de La Rioja, Dr. Claudio Sa\u00fal, al Ministro de Educaci\u00f3n, Ciencia y Tecnolog\u00eda, Licenciado Walter R. Flores y al Secretario de Derechos Humanos de dicha provincia.<\/p>\n<p style=\"text-align: justify;\">En los antecedentes remitidos se deja sentado que justamente este a\u00f1o celebramos los 40 a\u00f1os de aquel tr\u00e1gico suceso que enlutara a toda nuestra sociedad y por el cual existe todav\u00eda pendiente un Expte. Pendiente de tratamiento en la c\u00e1mara baja del Congreso de la Naci\u00f3n, presentado por el diputado Nacional Dr. Carlos kunkel y en el cual se prevee una indemnizaci\u00f3n especial para todas las victimas, \u201ccolimbas bajo bandera\u201d y sus derechohabientes para aquellos que ya fallecieron y que en su momento ofrendaron su vida para defender a el RIM N\u00ba29 con asiento en nuestra ciudad capital, para defender las Instituciones democr\u00e1ticas que se encontraban a\u00fan vigentes en nuestro pa\u00eds. La necesidad puntual de aclarar estos hechos nacen de que no es bueno que se de \u00fanicamente una mirada sesgada a nuestros j\u00f3venes de lo que sucedi\u00f3 en esa \u00e9poca en la argentina y por ello bregaremos siempre para que la historia sea trasmitida como tal y continuaremos Institucionalmente gestionando y pidiendo la reparaci\u00f3n para nuestros \u201cH\u00e9roes Formose\u00f1os\u201d.-<\/p>\n","protected":false},"excerpt":{"rendered":"<p>Ante los hechos concretos por los cuales una docente y una rectora de Provincia de La Rioja fueron denunciadas y sometidas a Sumario por apolog\u00eda del delito y reivindicaci\u00f3n del terrorismo de Estado por querer impartir una clase a sus alumnos sobre el 5 de octubre, el D\u00eda del H\u00e9roe Formose\u00f1o, cuando en 1975 atacaron [&hellip;]<\/p>\n","protected":false},"author":1,"featured_media":1866,"comment_status":"closed","ping_status":"closed","sticky":false,"template":"","format":"standard","meta":{"footnotes":""},"categories":[4,1],"tags":[],"class_list":["post-1865","post","type-post","status-publish","format-standard","has-post-thumbnail","hentry","category-ddhh","category-noticias"],"_links":{"self":[{"href":"https:\/\/defensoriaformosa.gob.ar\/index.php?rest_route=\/wp\/v2\/posts\/1865","targetHints":{"allow":["GET"]}}],"collection":[{"href":"https:\/\/defensoriaformosa.gob.ar\/index.php?rest_route=\/wp\/v2\/posts"}],"about":[{"href":"https:\/\/defensoriaformosa.gob.ar\/index.php?rest_route=\/wp\/v2\/types\/post"}],"author":[{"embeddable":true,"href":"https:\/\/defensoriaformosa.gob.ar\/index.php?rest_route=\/wp\/v2\/users\/1"}],"replies":[{"embeddable":true,"href":"https:\/\/defensoriaformosa.gob.ar\/index.php?rest_route=%2Fwp%2Fv2%2Fcomments&post=1865"}],"version-history":[{"count":1,"href":"https:\/\/defensoriaformosa.gob.ar\/index.php?rest_route=\/wp\/v2\/posts\/1865\/revisions"}],"predecessor-version":[{"id":1867,"href":"https:\/\/defensoriaformosa.gob.ar\/index.php?rest_route=\/wp\/v2\/posts\/1865\/revisions\/1867"}],"wp:featuredmedia":[{"embeddable":true,"href":"https:\/\/defensoriaformosa.gob.ar\/index.php?rest_route=\/wp\/v2\/media\/1866"}],"wp:attachment":[{"href":"https:\/\/defensoriaformosa.gob.ar\/index.php?rest_route=%2Fwp%2Fv2%2Fmedia&parent=1865"}],"wp:term":[{"taxonomy":"category","embeddable":true,"href":"https:\/\/defensoriaformosa.gob.ar\/index.php?rest_route=%2Fwp%2Fv2%2Fcategories&post=1865"},{"taxonomy":"post_tag","embeddable":true,"href":"https:\/\/defensoriaformosa.gob.ar\/index.php?rest_route=%2Fwp%2Fv2%2Ftags&post=1865"}],"curies":[{"name":"wp","href":"https:\/\/api.w.org\/{rel}","templated":true}]}}