{"id":1862,"date":"2015-10-17T13:20:19","date_gmt":"2015-10-17T16:20:19","guid":{"rendered":"http:\/\/2015.defensoriaformosa.gob.ar\/?p=1862"},"modified":"2015-10-17T17:34:26","modified_gmt":"2015-10-17T20:34:26","slug":"recordo-la-defensoria-del-pueblo-el-permanente-valor-en-nuestra-sociedad-de-todas-la-mujeres-en-este-dia-de-la-madre","status":"publish","type":"post","link":"https:\/\/defensoriaformosa.gob.ar\/?p=1862","title":{"rendered":"RECORDO LA DEFENSORIA DEL PUEBLO EL PERMANENTE VALOR EN NUESTRA SOCIEDAD DE TODAS LA MUJERES EN ESTE \u201cDIA DE LA MADRE\u201d"},"content":{"rendered":"<p style=\"text-align: justify;\"><strong>En el d\u00eda de la fecha y conmemor\u00e1ndose el \u201cD\u00eda de la Madre\u201d, desde la Defensor\u00eda del Pueblo de la Provincia y la Oficina de la Defensor\u00eda del Pueblo de Naci\u00f3n, se env\u00eda a todas las mujeres que han logrado ser madres y encargarse inclaudicablemente de la crianza de sus hijos, con sacrificio, dedicaci\u00f3n y fundamentalmente mucho amor; el mas sincero homenaje y que todos brindemos nuestro cari\u00f1o, comprensi\u00f3n y acompa\u00f1amiento a quienes nos honraron con la vida. Es as\u00ed que en el d\u00eda de ayer, participamos Institucionalmente de un sencillo Acto compartiendo la tarde con las madres privadas de libertad en la Alcald\u00eda de Mujeres, donde se vivieron emotivos momentos. Se se\u00f1alo tambi\u00e9n que mientras algunos atribuyen la celebraci\u00f3n del D\u00eda de la Madre a una estrategia mercadot\u00e9cnica y comercial, la realidad es que su origen tuvo un sentido muy diferente.<\/strong><\/p>\n<p style=\"text-align: justify;\"><!--more--><\/p>\n<p style=\"text-align: justify;\">Las celebraciones por el d\u00eda de la madre se iniciaron en la Grecia antigua, en las festividades en honor a Rhea, la madre de Jupiter, Neptuno y Plut\u00f3n.<br \/>\nEl origen del actual D\u00eda de la Madre se remonta al siglo XVII, en Inglaterra. En ese tiempo, debido a la pobreza, una forma de trabajar era emplearse en las grandes casas o palacios, donde tambi\u00e9n se daba techo y comida.<\/p>\n<p style=\"text-align: justify;\">Un domingo del a\u00f1o, denominado \u00abDomingo de la Madre\u00bb, a los siervos y empleados se les daba el d\u00eda libre para que fueran a visitar a sus madres, y se les permit\u00eda hornear un pastel (conocido como \u00abtarta de madres\u00bb) para llevarlo como regalo.<\/p>\n<p style=\"text-align: justify;\">Honrar la maternidad tambi\u00e9n fue caracter\u00edstica de las culturas que poblaron Mesoam\u00e9rica antes de la Conquista. Una de ellas, la azteca, rend\u00eda culto a la madre de su dios Huitzilopochtli, la diosa Coyolxauhqui o Maztli, que seg\u00fan era representada por la luna.<\/p>\n<p style=\"text-align: justify;\">La mitolog\u00eda cuenta que durante la creaci\u00f3n del mundo fue muerta a manos de las estrellas, que celosas, le quitaron la vida para que no diera a luz a su hijo Huitzilopochtli, quien representaba al sol, sin embargo, \u00e9ste s\u00ed pudo nacer, venciendo a las tinieblas.<\/p>\n<p style=\"text-align: justify;\">Los ind\u00edgenas rend\u00edan especial tributo a esta diosa y dedicaron a ella hermosas esculturas en oro y plata, que no s\u00f3lo revelan profundo sentido art\u00edstico sino la importancia tan grande que ellos conced\u00edan a la maternidad.<\/p>\n","protected":false},"excerpt":{"rendered":"<p>En el d\u00eda de la fecha y conmemor\u00e1ndose el \u201cD\u00eda de la Madre\u201d, desde la Defensor\u00eda del Pueblo de la Provincia y la Oficina de la Defensor\u00eda del Pueblo de Naci\u00f3n, se env\u00eda a todas las mujeres que han logrado ser madres y encargarse inclaudicablemente de la crianza de sus hijos, con sacrificio, dedicaci\u00f3n y [&hellip;]<\/p>\n","protected":false},"author":1,"featured_media":1863,"comment_status":"closed","ping_status":"closed","sticky":false,"template":"","format":"standard","meta":{"footnotes":""},"categories":[1],"tags":[],"class_list":["post-1862","post","type-post","status-publish","format-standard","has-post-thumbnail","hentry","category-noticias"],"_links":{"self":[{"href":"https:\/\/defensoriaformosa.gob.ar\/index.php?rest_route=\/wp\/v2\/posts\/1862","targetHints":{"allow":["GET"]}}],"collection":[{"href":"https:\/\/defensoriaformosa.gob.ar\/index.php?rest_route=\/wp\/v2\/posts"}],"about":[{"href":"https:\/\/defensoriaformosa.gob.ar\/index.php?rest_route=\/wp\/v2\/types\/post"}],"author":[{"embeddable":true,"href":"https:\/\/defensoriaformosa.gob.ar\/index.php?rest_route=\/wp\/v2\/users\/1"}],"replies":[{"embeddable":true,"href":"https:\/\/defensoriaformosa.gob.ar\/index.php?rest_route=%2Fwp%2Fv2%2Fcomments&post=1862"}],"version-history":[{"count":1,"href":"https:\/\/defensoriaformosa.gob.ar\/index.php?rest_route=\/wp\/v2\/posts\/1862\/revisions"}],"predecessor-version":[{"id":1864,"href":"https:\/\/defensoriaformosa.gob.ar\/index.php?rest_route=\/wp\/v2\/posts\/1862\/revisions\/1864"}],"wp:featuredmedia":[{"embeddable":true,"href":"https:\/\/defensoriaformosa.gob.ar\/index.php?rest_route=\/wp\/v2\/media\/1863"}],"wp:attachment":[{"href":"https:\/\/defensoriaformosa.gob.ar\/index.php?rest_route=%2Fwp%2Fv2%2Fmedia&parent=1862"}],"wp:term":[{"taxonomy":"category","embeddable":true,"href":"https:\/\/defensoriaformosa.gob.ar\/index.php?rest_route=%2Fwp%2Fv2%2Fcategories&post=1862"},{"taxonomy":"post_tag","embeddable":true,"href":"https:\/\/defensoriaformosa.gob.ar\/index.php?rest_route=%2Fwp%2Fv2%2Ftags&post=1862"}],"curies":[{"name":"wp","href":"https:\/\/api.w.org\/{rel}","templated":true}]}}