{"id":1854,"date":"2015-10-17T13:12:14","date_gmt":"2015-10-17T16:12:14","guid":{"rendered":"http:\/\/2015.defensoriaformosa.gob.ar\/?p=1854"},"modified":"2015-10-17T17:26:40","modified_gmt":"2015-10-17T20:26:40","slug":"informo-la-defensoria-del-pueblo-que-se-ha-levantado-el-corte-de-la-ruta-no-86-y-que-dicha-traza-puede-ser-transitada-libremente","status":"publish","type":"post","link":"https:\/\/defensoriaformosa.gob.ar\/?p=1854","title":{"rendered":"INFORMO LA DEFENSORIA DEL PUEBLO QUE SE HA LEVANTADO EL CORTE DE LA RUTA N\u00ba 86 Y QUE DICHA TRAZA PUEDE SER TRANSITADA LIBREMENTE"},"content":{"rendered":"<p style=\"text-align: justify;\"><strong>Desde la -Direcci\u00f3n de Derechos Humanos y Grupos Minoritarios \u2013 Discriminaci\u00f3n \u2013 Xenofobia \u2013Trata de Personas \u2013 Discapacidad \u2013 de la Defensor\u00eda del Pueblo de la Provincia de Formosa, se informo que el d\u00eda viernes 16 a las 20 hs aproximadamente se procedi\u00f3 a levantar el corte que ven\u00eda desarroll\u00e1ndose sobre la Ruta Nacional N\u00ba 86 a la altura de la Comunidad \u201cLa Primavera\u201d.<\/strong><\/p>\n<p style=\"text-align: justify;\"><!--more--><\/p>\n<p style=\"text-align: justify;\">El Ombudsman Provincial, Dr. Jos\u00e9 Leonardo Gialluca, se\u00f1alo que la liberaci\u00f3n de este importante ruta, en este caso ya tiene caracter\u00edsticas de definitivo y que el Estado Provincial, a trav\u00e9s de la Empresa privada correspondiente y de REFSA S.A., prosiguen trabajando en el lugar, para que la totalidad de los hogares de las familias Originarias tengan acceso a la energ\u00eda el\u00e9ctrica, de manera ininterrumpida y segura.<\/p>\n<p style=\"text-align: justify;\">A\u00f1adi\u00f3 que tambi\u00e9n, mas adelante, siempre en forma conjunta y pac\u00edficamente se ir\u00e1n dotando de energ\u00eda el\u00e9ctrica a algunas Iglesias, cuyos Pastores han solicitado su iluminaci\u00f3n y ello es algo sumamente positivo, pues constituyen lugares de encuentro comunitarios, de naturaleza sociales y religiosos, en donde siempre se hallan contenciones y responsabilidades colectivas, necesarias para que todos los pueblos abor\u00edgenes de nuestra provincia, se encuentren como en la actualidad, Incluidos y en igualdad de condiciones en lo que respecta a Derechos a los accesos de Servicios P\u00fablicos esenciales, los que se materializan desde hace tiempo a trav\u00e9s de pol\u00edticas p\u00fablicas del Estado Nacional, Provincial y Municipales.<\/p>\n","protected":false},"excerpt":{"rendered":"<p>Desde la -Direcci\u00f3n de Derechos Humanos y Grupos Minoritarios \u2013 Discriminaci\u00f3n \u2013 Xenofobia \u2013Trata de Personas \u2013 Discapacidad \u2013 de la Defensor\u00eda del Pueblo de la Provincia de Formosa, se informo que el d\u00eda viernes 16 a las 20 hs aproximadamente se procedi\u00f3 a levantar el corte que ven\u00eda desarroll\u00e1ndose sobre la Ruta Nacional N\u00ba [&hellip;]<\/p>\n","protected":false},"author":1,"featured_media":1855,"comment_status":"closed","ping_status":"closed","sticky":false,"template":"","format":"standard","meta":{"footnotes":""},"categories":[1],"tags":[],"class_list":["post-1854","post","type-post","status-publish","format-standard","has-post-thumbnail","hentry","category-noticias"],"_links":{"self":[{"href":"https:\/\/defensoriaformosa.gob.ar\/index.php?rest_route=\/wp\/v2\/posts\/1854","targetHints":{"allow":["GET"]}}],"collection":[{"href":"https:\/\/defensoriaformosa.gob.ar\/index.php?rest_route=\/wp\/v2\/posts"}],"about":[{"href":"https:\/\/defensoriaformosa.gob.ar\/index.php?rest_route=\/wp\/v2\/types\/post"}],"author":[{"embeddable":true,"href":"https:\/\/defensoriaformosa.gob.ar\/index.php?rest_route=\/wp\/v2\/users\/1"}],"replies":[{"embeddable":true,"href":"https:\/\/defensoriaformosa.gob.ar\/index.php?rest_route=%2Fwp%2Fv2%2Fcomments&post=1854"}],"version-history":[{"count":1,"href":"https:\/\/defensoriaformosa.gob.ar\/index.php?rest_route=\/wp\/v2\/posts\/1854\/revisions"}],"predecessor-version":[{"id":1856,"href":"https:\/\/defensoriaformosa.gob.ar\/index.php?rest_route=\/wp\/v2\/posts\/1854\/revisions\/1856"}],"wp:featuredmedia":[{"embeddable":true,"href":"https:\/\/defensoriaformosa.gob.ar\/index.php?rest_route=\/wp\/v2\/media\/1855"}],"wp:attachment":[{"href":"https:\/\/defensoriaformosa.gob.ar\/index.php?rest_route=%2Fwp%2Fv2%2Fmedia&parent=1854"}],"wp:term":[{"taxonomy":"category","embeddable":true,"href":"https:\/\/defensoriaformosa.gob.ar\/index.php?rest_route=%2Fwp%2Fv2%2Fcategories&post=1854"},{"taxonomy":"post_tag","embeddable":true,"href":"https:\/\/defensoriaformosa.gob.ar\/index.php?rest_route=%2Fwp%2Fv2%2Ftags&post=1854"}],"curies":[{"name":"wp","href":"https:\/\/api.w.org\/{rel}","templated":true}]}}