{"id":1807,"date":"2015-10-08T17:55:43","date_gmt":"2015-10-08T20:55:43","guid":{"rendered":"http:\/\/2015.defensoriaformosa.gob.ar\/?p=1807"},"modified":"2015-10-08T17:55:43","modified_gmt":"2015-10-08T20:55:43","slug":"informaron-en-la-defensoria-del-pueblo-sobre-el-regimen-especial-para-ex-combatientes-de-malvinas","status":"publish","type":"post","link":"https:\/\/defensoriaformosa.gob.ar\/?p=1807","title":{"rendered":"INFORMARON EN LA DEFENSORIA DEL PUEBLO  SOBRE EL REGIMEN ESPECIAL PARA EX COMBATIENTES DE MALVINAS"},"content":{"rendered":"<p style=\"text-align: justify;\"><strong>En reuni\u00f3n mantenida con referentes de ex combatientes de Malvinas, el Defensor del Pueblo de la Provincia, les informo sobre el resultado del debate que se produjo en el Congreso de la Naci\u00f3n y en donde el mismo fue iniciado por el Presidente de la Comisi\u00f3n de la Previsi\u00f3n Social, el Diputado Nacional, Juan Carlos D\u00edaz Roig, quien subrayo\u00a0 que esta iniciativa es \u00abun acto de estricta justicia\u00bb.<\/strong><\/p>\n<p style=\"text-align: justify;\"><!--more--><\/p>\n<p style=\"text-align: justify;\">El Ombudsman Provincial, se\u00f1alo que todos los ex combatientes y civiles que cumplieron funciones en Malvinas son nuestros h\u00e9roes, que muchos quisieron ocultar conjuntamente con un proceso de desmalvinizacion y que hoy podemos ver como se le reconocen derechos y que todav\u00eda en la Argentina, faltan algunas reparaciones hist\u00f3ricas, citando como ejemplo a quienes cayeron y lucharon en defensa de nuestro RIM 29 , pero que todos con seguridad obtendr\u00e1n su reparaci\u00f3n y para ello continuaremos trabajando conjuntamente con funcionarios provinciales y nacionales.<\/p>\n<p style=\"text-align: justify;\">Se informo a los presentes que; para acceder al beneficio previsional cuando se convierta en Ley, los ciudadanos deber\u00e1n demostrar su condici\u00f3n de ex combatiente o civil que colabor\u00f3 mediante la certificaci\u00f3n correspondiente y tener 53 a\u00f1os de edad, con 10 a\u00f1os de aportes.<\/p>\n<p style=\"text-align: justify;\">Tambi\u00e9n se establece que a los soldados conscriptos se les computar\u00e1 como dos (2) a\u00f1os de aportes al sistema integrado previsional argentino<\/p>\n<p style=\"text-align: justify;\">La iniciativa fija adem\u00e1s, que el haber de la prestaci\u00f3n ser\u00e1 determinado por la Administraci\u00f3n Nacional de la Seguridad Social (ANSES)<\/p>\n<p style=\"text-align: justify;\">Se fij\u00f3 tambi\u00e9n que el haber resultante no podr\u00e1 ser menor que el equivalente a dos (2) jubilaciones m\u00ednimas del sistema integrado previsional argentino y que esta prestaci\u00f3n, ser\u00e1 optativa y compatible con el goce de la Pensi\u00f3n Honor\u00edfica para Veteranos de la Guerra del Atl\u00e1ntico Sur, otorgados por leyes provinciales, municipales o de la Ciudad de Buenos Aires.-<\/p>\n","protected":false},"excerpt":{"rendered":"<p>En reuni\u00f3n mantenida con referentes de ex combatientes de Malvinas, el Defensor del Pueblo de la Provincia, les informo sobre el resultado del debate que se produjo en el Congreso de la Naci\u00f3n y en donde el mismo fue iniciado por el Presidente de la Comisi\u00f3n de la Previsi\u00f3n Social, el Diputado Nacional, Juan Carlos [&hellip;]<\/p>\n","protected":false},"author":1,"featured_media":1808,"comment_status":"closed","ping_status":"closed","sticky":false,"template":"","format":"standard","meta":{"footnotes":""},"categories":[1],"tags":[],"class_list":["post-1807","post","type-post","status-publish","format-standard","has-post-thumbnail","hentry","category-noticias"],"_links":{"self":[{"href":"https:\/\/defensoriaformosa.gob.ar\/index.php?rest_route=\/wp\/v2\/posts\/1807","targetHints":{"allow":["GET"]}}],"collection":[{"href":"https:\/\/defensoriaformosa.gob.ar\/index.php?rest_route=\/wp\/v2\/posts"}],"about":[{"href":"https:\/\/defensoriaformosa.gob.ar\/index.php?rest_route=\/wp\/v2\/types\/post"}],"author":[{"embeddable":true,"href":"https:\/\/defensoriaformosa.gob.ar\/index.php?rest_route=\/wp\/v2\/users\/1"}],"replies":[{"embeddable":true,"href":"https:\/\/defensoriaformosa.gob.ar\/index.php?rest_route=%2Fwp%2Fv2%2Fcomments&post=1807"}],"version-history":[{"count":1,"href":"https:\/\/defensoriaformosa.gob.ar\/index.php?rest_route=\/wp\/v2\/posts\/1807\/revisions"}],"predecessor-version":[{"id":1809,"href":"https:\/\/defensoriaformosa.gob.ar\/index.php?rest_route=\/wp\/v2\/posts\/1807\/revisions\/1809"}],"wp:featuredmedia":[{"embeddable":true,"href":"https:\/\/defensoriaformosa.gob.ar\/index.php?rest_route=\/wp\/v2\/media\/1808"}],"wp:attachment":[{"href":"https:\/\/defensoriaformosa.gob.ar\/index.php?rest_route=%2Fwp%2Fv2%2Fmedia&parent=1807"}],"wp:term":[{"taxonomy":"category","embeddable":true,"href":"https:\/\/defensoriaformosa.gob.ar\/index.php?rest_route=%2Fwp%2Fv2%2Fcategories&post=1807"},{"taxonomy":"post_tag","embeddable":true,"href":"https:\/\/defensoriaformosa.gob.ar\/index.php?rest_route=%2Fwp%2Fv2%2Ftags&post=1807"}],"curies":[{"name":"wp","href":"https:\/\/api.w.org\/{rel}","templated":true}]}}