{"id":1803,"date":"2015-10-07T17:44:07","date_gmt":"2015-10-07T20:44:07","guid":{"rendered":"http:\/\/2015.defensoriaformosa.gob.ar\/?p=1803"},"modified":"2015-10-07T17:44:07","modified_gmt":"2015-10-07T20:44:07","slug":"en-las-proximas-elecciones-se-contaran-primero-los-votos-de-presidente-y-vicepresidente-y-posteriormente-los-de-las-otras-categorias","status":"publish","type":"post","link":"https:\/\/defensoriaformosa.gob.ar\/?p=1803","title":{"rendered":"EN LAS PROXIMAS ELECCIONES, SE CONTARAN PRIMERO LOS VOTOS DE PRESIDENTE Y VICEPRESIDENTE Y POSTERIORMENTE LOS DE LAS OTRAS CATEGORIAS"},"content":{"rendered":"<p style=\"text-align: justify;\"><strong>Desde la Defensor\u00eda del Pueblo, y a trav\u00e9s de su Observatorio de Derechos Pol\u00edticos y Electorales, se informo que la C\u00e1mara Federal Electoral resolvi\u00f3 que el 25 de octubre se contar\u00e1n primero los votos de presidente y vicepresidente, para que la poblaci\u00f3n conozca lo antes posible el resultado de los comicios. Luego se comenzar\u00e1n a contar los votos para diputados, senadores y para las otras categor\u00edas.<\/strong><\/p>\n<p style=\"text-align: justify;\"><!--more--><\/p>\n<p style=\"text-align: justify;\">Para facilitar la tarea, el tribunal orden\u00f3 que\u00a0se confeccionen telegramas separados: uno para computar los datos de la categor\u00eda presidencial y, el otro, para las dem\u00e1s categor\u00edas. As\u00ed se podr\u00edan contabilizar los primeros con prioridad.<\/p>\n<p style=\"text-align: justify;\">El dato no es menor, porque seg\u00fan todas las encuestas el candidato del Frente para la Victoria, Daniel Scioli, oscila los 40 puntos y estar\u00eda\u00a0cerca de obtener los 10 puntos de diferencia sobre el segundo, probablemente Mauricio Macri, del Frente Cambiemos.<\/p>\n<p style=\"text-align: justify;\">Por eso, para despejar cualquier sospecha, estimaron en la C\u00e1mara Electoral, ser\u00e1 conveniente conocer esa misma noche si, seg\u00fan el escrutinio provisional,\u00a0Scioli alcanz\u00f3 o no los 40 puntos y si el segundo candidato qued\u00f3 a menos de 10 puntos, lo que le permitir\u00eda forzar el balotaje.<\/p>\n<p style=\"text-align: justify;\">Asimismo, el Director Nacional Electoral adelanto que el escrutinio va a ser \u00e1gil, tranquilo y que los resultados de las elecciones presidenciales estar\u00e1n a las 23:30 hs.<\/p>\n","protected":false},"excerpt":{"rendered":"<p>Desde la Defensor\u00eda del Pueblo, y a trav\u00e9s de su Observatorio de Derechos Pol\u00edticos y Electorales, se informo que la C\u00e1mara Federal Electoral resolvi\u00f3 que el 25 de octubre se contar\u00e1n primero los votos de presidente y vicepresidente, para que la poblaci\u00f3n conozca lo antes posible el resultado de los comicios. Luego se comenzar\u00e1n a [&hellip;]<\/p>\n","protected":false},"author":1,"featured_media":1442,"comment_status":"closed","ping_status":"closed","sticky":false,"template":"","format":"standard","meta":{"footnotes":""},"categories":[1],"tags":[],"class_list":["post-1803","post","type-post","status-publish","format-standard","has-post-thumbnail","hentry","category-noticias"],"_links":{"self":[{"href":"https:\/\/defensoriaformosa.gob.ar\/index.php?rest_route=\/wp\/v2\/posts\/1803","targetHints":{"allow":["GET"]}}],"collection":[{"href":"https:\/\/defensoriaformosa.gob.ar\/index.php?rest_route=\/wp\/v2\/posts"}],"about":[{"href":"https:\/\/defensoriaformosa.gob.ar\/index.php?rest_route=\/wp\/v2\/types\/post"}],"author":[{"embeddable":true,"href":"https:\/\/defensoriaformosa.gob.ar\/index.php?rest_route=\/wp\/v2\/users\/1"}],"replies":[{"embeddable":true,"href":"https:\/\/defensoriaformosa.gob.ar\/index.php?rest_route=%2Fwp%2Fv2%2Fcomments&post=1803"}],"version-history":[{"count":1,"href":"https:\/\/defensoriaformosa.gob.ar\/index.php?rest_route=\/wp\/v2\/posts\/1803\/revisions"}],"predecessor-version":[{"id":1804,"href":"https:\/\/defensoriaformosa.gob.ar\/index.php?rest_route=\/wp\/v2\/posts\/1803\/revisions\/1804"}],"wp:featuredmedia":[{"embeddable":true,"href":"https:\/\/defensoriaformosa.gob.ar\/index.php?rest_route=\/wp\/v2\/media\/1442"}],"wp:attachment":[{"href":"https:\/\/defensoriaformosa.gob.ar\/index.php?rest_route=%2Fwp%2Fv2%2Fmedia&parent=1803"}],"wp:term":[{"taxonomy":"category","embeddable":true,"href":"https:\/\/defensoriaformosa.gob.ar\/index.php?rest_route=%2Fwp%2Fv2%2Fcategories&post=1803"},{"taxonomy":"post_tag","embeddable":true,"href":"https:\/\/defensoriaformosa.gob.ar\/index.php?rest_route=%2Fwp%2Fv2%2Ftags&post=1803"}],"curies":[{"name":"wp","href":"https:\/\/api.w.org\/{rel}","templated":true}]}}