{"id":1799,"date":"2015-10-06T21:06:08","date_gmt":"2015-10-07T00:06:08","guid":{"rendered":"http:\/\/2015.defensoriaformosa.gob.ar\/?p=1799"},"modified":"2015-10-06T21:06:08","modified_gmt":"2015-10-07T00:06:08","slug":"la-defensoria-del-pueblo-rechazo-por-falaz-e-incongruente-presentacion-efectuada-por-la-apdh-delegacion-formosa","status":"publish","type":"post","link":"https:\/\/defensoriaformosa.gob.ar\/?p=1799","title":{"rendered":"LA DEFENSOR\u00cdA DEL PUEBLO RECHAZ\u00d3 POR FALAZ E INCONGRUENTE PRESENTACI\u00d3N EFECTUADA POR LA APDH \u2013 DELEGACI\u00d3N FORMOSA"},"content":{"rendered":"<p style=\"text-align: justify;\"><strong>En el d\u00eda de ayer, la Asamblea Permanente por los Derechos Humanos, Delegaci\u00f3n Formosa -APDH-, concret\u00f3 una presentaci\u00f3n a las 10:50 hs por ante la Mesa de Entradas de la Defensor\u00eda del Pueblo de la Provincia, siendo suscripta por Alejandra Mar\u00eda Carrizo Secretaria Coordinadora e Ismael Rojas, en su car\u00e1cter de actual Presidente, se\u00f1alando que su funci\u00f3n en el Lote 33 del B\u00ba Namqom, ha sido la de tutelar el leg\u00edtimo derecho a la protesta de esa Comunidad. Describen los antes citados que frente al accionar represivo por parte de las Fuerzas Policiales de las cuales resultaran varias personas heridas, se present\u00f3 un Habeas Corpus preventivo para resguardar la integridad f\u00edsica de los manifestantes de toda acci\u00f3n de hostigamiento.<\/strong><\/p>\n<p style=\"text-align: justify;\"><!--more--><\/p>\n<p style=\"text-align: justify;\">Desconocen el examen realizado a las v\u00edctimas por el m\u00e9dico forense de la Polic\u00eda, ya que consideran al mismo, como parcialista puesto que pertenece a la Instituci\u00f3n denunciada. Ratifican haber sido testigos de amenazas que el Ombudsman Provincial, profiriera hacia los manifestantes en oportunidad de haberse llevado a cabo una reuni\u00f3n sobre la ruta. No aportando ninguna persona como testigo, salvo los integrantes de la APDH.<\/p>\n<p style=\"text-align: justify;\">En este sentido el Defensor del Pueblo, dio vista de esta presentaci\u00f3n a las Autoridades Competentes y volvi\u00f3 a tildar de fabuladora y mentirosa a Alejandra Mar\u00eda Carrizo, \u201cya que nunca se insult\u00f3 y menos a\u00fan se amenaz\u00f3 a los manifestantes\u201d, y lament\u00f3 que esta \u201cse\u00f1ora\u201d lo haga ahora c\u00f3mplice de sus desasosiegos al Sr. Ismael Rojas.<\/p>\n<p style=\"text-align: justify;\">Por otra parte inform\u00f3 que s\u00ed existi\u00f3 incitaci\u00f3n e instigaci\u00f3n el lugar, para que los originarios subieran y cortaran la ruta y que como resultado de las escaramuzas que se produjeron no hubo detenidos, si siete (7) polic\u00edas con lesiones de car\u00e1cter leve y que la menor Arce, Micaela de 10 a\u00f1os, hija de Mupyacae Ada, supuestamente agredida en la boca con una bala de goma, fue derivada al Hospital de la Madre y el Ni\u00f1o ese mismo d\u00eda, pero se retir\u00f3 sin inconvenientes ya que no presentaba ning\u00fan tipo de lesiones. Sin embargo, los Defensores de Derechos Humanos insisten en que la ni\u00f1a se grat\u00f3 una bala de goma\u201d.<\/p>\n<p style=\"text-align: justify;\">Por otra lado, la Directora de Prestaciones de Salud del Ministerio de Desarrollo Humano de la Provincia, Dra. Cristina Mirassou, inform\u00f3 que como consecuencia de los hechos acaecidos, ese d\u00eda \u201c\u00fanicamente se atendieron ocho personas originarias con lesiones leves que no requirieron ninguna derivaci\u00f3n\u201d.<\/p>\n<p style=\"text-align: justify;\">Gialluca al finalizar, concluy\u00f3 que en las fotograf\u00edas adjuntadas por la APDH, a trav\u00e9s de su abogada Dra. Roxana Silva, existen algunas de ellas, donde se muestran casquillos de un arma de 9 mm, los cuales no se corresponden con lo que consta en los antecedentes del Juzgado de Instrucci\u00f3n y Correccional N\u00ba 6, ni en el Juzgado de Menores, y menos a\u00fan en el Juzgado Federal de Formosa, puesto que del Informe del Comisario Mayor, Lic. Profesor F\u00e9lix Ca\u00f1ete, los 20 efectivos policiales uniformados intervinieron ese d\u00eda, sin armas reglamentarias y en el Marco del Protocolo de Actuaci\u00f3n de los Cuerpos Policiales y Fuerzas de Seguridad en Manifestaciones P\u00fablicas.<\/p>\n","protected":false},"excerpt":{"rendered":"<p>En el d\u00eda de ayer, la Asamblea Permanente por los Derechos Humanos, Delegaci\u00f3n Formosa -APDH-, concret\u00f3 una presentaci\u00f3n a las 10:50 hs por ante la Mesa de Entradas de la Defensor\u00eda del Pueblo de la Provincia, siendo suscripta por Alejandra Mar\u00eda Carrizo Secretaria Coordinadora e Ismael Rojas, en su car\u00e1cter de actual Presidente, se\u00f1alando que [&hellip;]<\/p>\n","protected":false},"author":1,"featured_media":1800,"comment_status":"closed","ping_status":"closed","sticky":false,"template":"","format":"standard","meta":{"footnotes":""},"categories":[4,1],"tags":[],"class_list":["post-1799","post","type-post","status-publish","format-standard","has-post-thumbnail","hentry","category-ddhh","category-noticias"],"_links":{"self":[{"href":"https:\/\/defensoriaformosa.gob.ar\/index.php?rest_route=\/wp\/v2\/posts\/1799","targetHints":{"allow":["GET"]}}],"collection":[{"href":"https:\/\/defensoriaformosa.gob.ar\/index.php?rest_route=\/wp\/v2\/posts"}],"about":[{"href":"https:\/\/defensoriaformosa.gob.ar\/index.php?rest_route=\/wp\/v2\/types\/post"}],"author":[{"embeddable":true,"href":"https:\/\/defensoriaformosa.gob.ar\/index.php?rest_route=\/wp\/v2\/users\/1"}],"replies":[{"embeddable":true,"href":"https:\/\/defensoriaformosa.gob.ar\/index.php?rest_route=%2Fwp%2Fv2%2Fcomments&post=1799"}],"version-history":[{"count":1,"href":"https:\/\/defensoriaformosa.gob.ar\/index.php?rest_route=\/wp\/v2\/posts\/1799\/revisions"}],"predecessor-version":[{"id":1801,"href":"https:\/\/defensoriaformosa.gob.ar\/index.php?rest_route=\/wp\/v2\/posts\/1799\/revisions\/1801"}],"wp:featuredmedia":[{"embeddable":true,"href":"https:\/\/defensoriaformosa.gob.ar\/index.php?rest_route=\/wp\/v2\/media\/1800"}],"wp:attachment":[{"href":"https:\/\/defensoriaformosa.gob.ar\/index.php?rest_route=%2Fwp%2Fv2%2Fmedia&parent=1799"}],"wp:term":[{"taxonomy":"category","embeddable":true,"href":"https:\/\/defensoriaformosa.gob.ar\/index.php?rest_route=%2Fwp%2Fv2%2Fcategories&post=1799"},{"taxonomy":"post_tag","embeddable":true,"href":"https:\/\/defensoriaformosa.gob.ar\/index.php?rest_route=%2Fwp%2Fv2%2Ftags&post=1799"}],"curies":[{"name":"wp","href":"https:\/\/api.w.org\/{rel}","templated":true}]}}