{"id":1763,"date":"2015-10-01T23:09:25","date_gmt":"2015-10-02T02:09:25","guid":{"rendered":"http:\/\/2015.defensoriaformosa.gob.ar\/?p=1763"},"modified":"2015-10-01T23:09:25","modified_gmt":"2015-10-02T02:09:25","slug":"la-defensoria-pidio-que-cese-el-paro-en-el-hospital-central-o-en-su-defecto-se-dicte-la-conciliacion-obligatoria-para-proteger-el-derecho-humano-a-la-salud-de-todos-los-ciudadanos-formosenos","status":"publish","type":"post","link":"https:\/\/defensoriaformosa.gob.ar\/?p=1763","title":{"rendered":"LA DEFENSORIA PIDIO QUE CESE EL PARO EN EL HOSPITAL CENTRAL O EN SU DEFECTO, SE DICTE LA CONCILIACION OBLIGATORIA PARA PROTEGER EL DERECHO HUMANO A LA SALUD DE TODOS LOS CIUDADANOS FORMOSE\u00d1OS"},"content":{"rendered":"<p style=\"text-align: justify;\"><strong>Ante el paro por tiempo indefinido iniciado por los m\u00e9dicos del Hospital Central de nuestra ciudad, la \u2013 Direcci\u00f3n de Salud y Vivienda- de la Defensor\u00eda del Pueblo de la Provincia de Formosa, le peticiono formalmente al Director del Hospital Central Dr. Victor Cambra, como asi tambi\u00e9n a la Directora Asociada Dra. Ada Alcira Heredia y Dra. Claudia Nallin, \u201c a que como responsables de dicho nosocomio arbitren todas las medidas necesarias, tanto de hecho como de derecho, a fin de restablecer en forma inmediata las diferentes prestaciones de todas las actividades que se brindan en los consultorios externos del Hospital Central\u201d.<\/strong><\/p>\n<p style=\"text-align: justify;\"><!--more--><\/p>\n<p style=\"text-align: justify;\">El Ombudsman Provincial, Dr. Jos\u00e9 Leonardo Gialluca, se\u00f1alo que desde el Organismo de la Constituci\u00f3n, estamos trabajando para buscar una resoluci\u00f3n a esta grave situaci\u00f3n y que rechazamos Institucionalmente la modalidad de la medida de fuerza, lo que no significa desconocer los planteos que con todo derecho puedan efectuar los profesionales medicos, como es el caso de los cirujanos y anestesistas entre otros.<\/p>\n<p style=\"text-align: justify;\">Pero tampoco podemos dejar de observar, que centenares de ciudadanos se ven ampliamente perjudicados con esta medida de fuerza, ya que se les est\u00e1 negando el acceso a uno de los derechos fundamentales de todo ciudadano, como es el Derecho Humano a la Salud que est\u00e1 estipulado como un derecho inclusivo que se extiende no solo a una atenci\u00f3n m\u00e9dica oportuna y apropiada sino que tambi\u00e9n a los determinantes impl\u00edcitos de la salud, como lo son el derecho a la informaci\u00f3n relativa al estado de cada paciente.<\/p>\n<p style=\"text-align: justify;\">Como consecuencia de ello, desde el Organismo de la Constituci\u00f3n Provincial, tambi\u00e9n se peticiono al Ministerio de Desarrollo Humano de la Provincia, a que se alcance en el menor tiempo material posible una soluci\u00f3n progresiva e integral a este conflicto que es el lugar neur\u00e1lgico donde centenares de ciudadanos por d\u00eda concurren para ser atendidos por diferentes dolencias en los consultorios externos.<\/p>\n<p style=\"text-align: justify;\">En tal sentido, se le se\u00f1alo al Titular de la Cartera antes citada, para el caso de no encontrarse \u201cuna soluci\u00f3n consensuada\u201d, esta parte en nombre y representaci\u00f3n de la universalidad de los ciudadanos de la provincia de Formosa, \u201c requiere que se denuncie el hecho por ante la Subsecretaria de Trabajo, Justicia y Culto a cargo del Dr. Julio Gustavo Valdez, con el \u00fanico objetivo de que se fijen en forma urgente las audiencias respectivas y si fuera necesario \u2013 se dicte la Conciliaci\u00f3n Obligatoria \u2013 para de esa manera no dejar a todos los ciudadanos desamparados en lo relacionado al tema de atenci\u00f3n sanitaria por parte de los M\u00e9dicos del Hospital Central de esta Ciudad .<\/p>\n<p style=\"text-align: justify;\">\n","protected":false},"excerpt":{"rendered":"<p>Ante el paro por tiempo indefinido iniciado por los m\u00e9dicos del Hospital Central de nuestra ciudad, la \u2013 Direcci\u00f3n de Salud y Vivienda- de la Defensor\u00eda del Pueblo de la Provincia de Formosa, le peticiono formalmente al Director del Hospital Central Dr. Victor Cambra, como asi tambi\u00e9n a la Directora Asociada Dra. Ada Alcira Heredia [&hellip;]<\/p>\n","protected":false},"author":1,"featured_media":1163,"comment_status":"closed","ping_status":"closed","sticky":false,"template":"","format":"standard","meta":{"footnotes":""},"categories":[1,6],"tags":[],"class_list":["post-1763","post","type-post","status-publish","format-standard","has-post-thumbnail","hentry","category-noticias","category-salud"],"_links":{"self":[{"href":"https:\/\/defensoriaformosa.gob.ar\/index.php?rest_route=\/wp\/v2\/posts\/1763","targetHints":{"allow":["GET"]}}],"collection":[{"href":"https:\/\/defensoriaformosa.gob.ar\/index.php?rest_route=\/wp\/v2\/posts"}],"about":[{"href":"https:\/\/defensoriaformosa.gob.ar\/index.php?rest_route=\/wp\/v2\/types\/post"}],"author":[{"embeddable":true,"href":"https:\/\/defensoriaformosa.gob.ar\/index.php?rest_route=\/wp\/v2\/users\/1"}],"replies":[{"embeddable":true,"href":"https:\/\/defensoriaformosa.gob.ar\/index.php?rest_route=%2Fwp%2Fv2%2Fcomments&post=1763"}],"version-history":[{"count":1,"href":"https:\/\/defensoriaformosa.gob.ar\/index.php?rest_route=\/wp\/v2\/posts\/1763\/revisions"}],"predecessor-version":[{"id":1764,"href":"https:\/\/defensoriaformosa.gob.ar\/index.php?rest_route=\/wp\/v2\/posts\/1763\/revisions\/1764"}],"wp:featuredmedia":[{"embeddable":true,"href":"https:\/\/defensoriaformosa.gob.ar\/index.php?rest_route=\/wp\/v2\/media\/1163"}],"wp:attachment":[{"href":"https:\/\/defensoriaformosa.gob.ar\/index.php?rest_route=%2Fwp%2Fv2%2Fmedia&parent=1763"}],"wp:term":[{"taxonomy":"category","embeddable":true,"href":"https:\/\/defensoriaformosa.gob.ar\/index.php?rest_route=%2Fwp%2Fv2%2Fcategories&post=1763"},{"taxonomy":"post_tag","embeddable":true,"href":"https:\/\/defensoriaformosa.gob.ar\/index.php?rest_route=%2Fwp%2Fv2%2Ftags&post=1763"}],"curies":[{"name":"wp","href":"https:\/\/api.w.org\/{rel}","templated":true}]}}