{"id":17598,"date":"2026-09-02T16:49:31","date_gmt":"2026-09-02T19:49:31","guid":{"rendered":"https:\/\/defensoriaformosa.gob.ar\/?p=17598"},"modified":"2026-09-03T16:54:45","modified_gmt":"2026-09-03T19:54:45","slug":"el-gobierno-nacional-fijo-un-salario-minimo-por-debajo-de-la-linea-de-indigencia","status":"publish","type":"post","link":"https:\/\/defensoriaformosa.gob.ar\/?p=17598","title":{"rendered":"EL GOBIERNO NACIONAL FIJ\u00d3 UN SALARIO M\u00cdNIMO POR DEBAJO DE LA L\u00cdNEA DE INDIGENCIA"},"content":{"rendered":"<p><strong>-Durante la gesti\u00f3n de Javier Milei, entre noviembre de 2023 y julio de 2026 el sueldo m\u00ednimo real acumula una ca\u00edda del 40,5% seg\u00fan inform\u00f3 el Instituto Interdisciplinario de Econom\u00eda Pol\u00edtica (UBA-CONICET)-<\/strong><\/p>\n<p><!--more--><\/p>\n<p>Se\u00f1alaron desde la Defensor\u00eda del Pueblo de la Provincia de Formosa, que el gobierno de Javier Milei estableci\u00f3 de manera unilateral que el Salario M\u00ednimo Vital y M\u00f3vil (SMVM) que percibir\u00e1 un trabajador argentino ser\u00e1 de 437 mil pesos en ocho cuotas, una cifra que mantiene los ingresos por debajo de la l\u00ednea de indigencia y que es equivalente a poco m\u00e1s de una cuarta parte de lo que necesita un trabajador para que su familia no sea pobre. Este monto fue fijado luego de que fracasara la \u00faltima reuni\u00f3n del Consejo del Salario, en que las centrales obreras pidieron un piso de 993 mil pesos para diciembre y las c\u00e1maras empresarias amparadas por el Gobierno Nacional ofrecieron 437.707 hasta abril del a\u00f1o pr\u00f3ximo. Ante la falta de acuerdo, el n\u00famero final fijado mediante la Resoluci\u00f3n 4\/2026 publicada en el Bolet\u00edn Oficial no solo es menor de lo que hab\u00edan ofrecido los empresarios, sino que adem\u00e1s se abonar\u00e1 de manera escalonada en ocho cuotas, con peque\u00f1os incrementos que promedian los $7.500 mes a mes. De esta manera, el SMVM que en la actualidad es de 376.600 pesos subir\u00e1 apenas 60.400 pesos en ocho meses hasta llegar a los 437 mil prometidos. La cifra es tan baja que qued\u00f3 lejos de los $708.016 de la l\u00ednea de indigencia y es poco m\u00e1s de una cuarta parte de los $1.564.716 que necesita un trabajador para cubrir el costo de la Canasta B\u00e1sica, que mide la pobreza. Este monto del salario m\u00ednimo sirve de referencia para distintas prestaciones sociales, como la de desempleo o las becas universitarias y fija una referencia para empresas y municipios de todo el pa\u00eds. El Ombudsman Provincial Dr. Jos\u00e9 Leonardo Gialluca afirm\u00f3 que, el poder adquisitivo de los consumidores se redujo un 40,5 % entre noviembre de 2023 y julio de 2026, la p\u00e9rdida acumulada llev\u00f3 al salario m\u00ednimo de julio de 2026 a ubicarse en\u00a0un nivel inferior al registrado en 2001, antes del colapso de la convertibilidad. Adem\u00e1s,\u00a0registra una erosi\u00f3n del 67 % respecto de su m\u00e1ximo hist\u00f3rico, alcanzado en septiembre de 2011. Como consecuencia de ello, los salarios pierden frente al costo de vida y las tarifas de los servicios p\u00fablicos, por lo que las familias tienen cada vez menos alternativas, dejan de consumir o se endeudan para sostener lo indispensable, todo esto repercute negativamente en el comercio, en la construcci\u00f3n y en la industria y de esta manera, \u201ccuando los consumidores se endeudan para comer, el problema no est\u00e1 en la gente, el problema est\u00e1 en el modelo econ\u00f3mico\u201d.<\/p>\n<p>En la actualidad el Gobierno Nacional, no quiere entender o no quiere mirar que detr\u00e1s de cada n\u00famero de la econom\u00eda hay familias, existen trabajadores que no llegan a fin de mes, y no nos pueden hablar de la macroeconom\u00eda, pues esta no se refleja ni baja a la mesa de los asalariados. Debido a su estricta pol\u00edtica de D\u00e9ficit Cero, el PEN evita convalidar aumentos elevados del SMVM para que no se dispare el gasto previsional y asistencial, cuidando el equilibrio fiscal de las cuentas p\u00fablicas nacionales, en tanto que el valor del Salario M\u00ednimo Nacional en los pa\u00edses lim\u00edtrofes var\u00eda considerablemente. Al medirlos en d\u00f3lares para facilitar la comparaci\u00f3n, se observa que la gran mayor\u00eda de la regi\u00f3n se ubica por encima de la Argentina, (240 a 250 USD seg\u00fan la cotizaci\u00f3n de referencia), en Uruguay entre 630 &#8211; 640 USD, Chile se ubica en 590 USD, en Paraguay, alrededor de 410 &#8211; 420 USD, Bolivia, equivalentes a unos 340 &#8211; 390 USD y Brasil, en aproximadamente 295 USD. Esto contrasta con la inflaci\u00f3n anual que se registra en los mismos: Argentina 33,8%, Bolivia 4,93%, Brasil 4,44%, Uruguay 4,27%, Chile 3,5% y Paraguay 1,6%.<\/p>\n","protected":false},"excerpt":{"rendered":"<p>-Durante la gesti\u00f3n de Javier Milei, entre noviembre de 2023 y julio de 2026 el sueldo m\u00ednimo real acumula una ca\u00edda del 40,5% seg\u00fan inform\u00f3 el Instituto Interdisciplinario de Econom\u00eda Pol\u00edtica (UBA-CONICET)-<\/p>\n","protected":false},"author":1,"featured_media":17599,"comment_status":"closed","ping_status":"closed","sticky":false,"template":"","format":"standard","meta":{"footnotes":""},"categories":[1],"tags":[],"class_list":["post-17598","post","type-post","status-publish","format-standard","has-post-thumbnail","hentry","category-noticias"],"_links":{"self":[{"href":"https:\/\/defensoriaformosa.gob.ar\/index.php?rest_route=\/wp\/v2\/posts\/17598","targetHints":{"allow":["GET"]}}],"collection":[{"href":"https:\/\/defensoriaformosa.gob.ar\/index.php?rest_route=\/wp\/v2\/posts"}],"about":[{"href":"https:\/\/defensoriaformosa.gob.ar\/index.php?rest_route=\/wp\/v2\/types\/post"}],"author":[{"embeddable":true,"href":"https:\/\/defensoriaformosa.gob.ar\/index.php?rest_route=\/wp\/v2\/users\/1"}],"replies":[{"embeddable":true,"href":"https:\/\/defensoriaformosa.gob.ar\/index.php?rest_route=%2Fwp%2Fv2%2Fcomments&post=17598"}],"version-history":[{"count":1,"href":"https:\/\/defensoriaformosa.gob.ar\/index.php?rest_route=\/wp\/v2\/posts\/17598\/revisions"}],"predecessor-version":[{"id":17600,"href":"https:\/\/defensoriaformosa.gob.ar\/index.php?rest_route=\/wp\/v2\/posts\/17598\/revisions\/17600"}],"wp:featuredmedia":[{"embeddable":true,"href":"https:\/\/defensoriaformosa.gob.ar\/index.php?rest_route=\/wp\/v2\/media\/17599"}],"wp:attachment":[{"href":"https:\/\/defensoriaformosa.gob.ar\/index.php?rest_route=%2Fwp%2Fv2%2Fmedia&parent=17598"}],"wp:term":[{"taxonomy":"category","embeddable":true,"href":"https:\/\/defensoriaformosa.gob.ar\/index.php?rest_route=%2Fwp%2Fv2%2Fcategories&post=17598"},{"taxonomy":"post_tag","embeddable":true,"href":"https:\/\/defensoriaformosa.gob.ar\/index.php?rest_route=%2Fwp%2Fv2%2Ftags&post=17598"}],"curies":[{"name":"wp","href":"https:\/\/api.w.org\/{rel}","templated":true}]}}