{"id":17586,"date":"2026-08-29T22:10:18","date_gmt":"2026-08-30T01:10:18","guid":{"rendered":"https:\/\/defensoriaformosa.gob.ar\/?p=17586"},"modified":"2026-08-31T22:12:02","modified_gmt":"2026-09-01T01:12:02","slug":"defensorias-del-pueblo-de-todo-el-pais-demandaron-a-la-secretaria-de-energia-de-nacion-una-tarifa-electrica-diferenciada-para-las-zonas-calidas-y-muy-calidas","status":"publish","type":"post","link":"https:\/\/defensoriaformosa.gob.ar\/?p=17586","title":{"rendered":"DEFENSOR\u00cdAS DEL PUEBLO DE TODO EL PA\u00cdS DEMANDARON A LA SECRETAR\u00cdA DE ENERG\u00cdA DE NACI\u00d3N UNA TARIFA EL\u00c9CTRICA DIFERENCIADA PARA LAS ZONAS C\u00c1LIDAS Y MUY C\u00c1LIDAS"},"content":{"rendered":"<p><strong>-Gialluca afirm\u00f3 que, frente a la negativa y rechazo de los diputados por formosa, Atilio Basualdo y Gerardo Gonzalez, junto a sus pares de La Libertad Avanza, el PRO y Bloques Aliados al Oficialismo Nacional, para tratar una Tarifa Regional Diferenciada que \u201cbeneficiar\u00e1 a miles de usuarios residenciales de todo el Norte Grande Argentino\u00a0 en los meses de altas temperaturas\u201d, utilizaremos desde ADPRA, alternativas para lograr esta medida que es pedida por todos los sectores y negada por el Gobierno Nacional, con argumentos exclusivamente pol\u00edticos y especulativos que busca enfrentar a las provincias del sur con las norte\u00f1as-<\/strong><\/p>\n<p><!--more--><\/p>\n<p>La Asociaci\u00f3n de Defensores y Defensoras del Pueblo de la Rep\u00fablica Argentina (ADPRA), que re\u00fane a las Defensor\u00edas del Pueblo provinciales, municipales y especializadas de la Rep\u00fablica Argentina, advirti\u00f3 que el reconocimiento de una tarifa el\u00e9ctrica diferenciada para las zonas c\u00e1lidas y muy c\u00e1lidas se est\u00e1 construyendo sobre una condici\u00f3n inadmisible: la aprobaci\u00f3n previa de la reforma que recorta el R\u00e9gimen de Subsidio del Gas Natural para Zona Fr\u00eda. El beneficio se instrumentar\u00eda por una resoluci\u00f3n de la Secretar\u00eda de Energ\u00eda posterior a esa aprobaci\u00f3n, con lo cual, un derecho largamente reclamado queda subordinado a una secuencia pol\u00edtica y a una decisi\u00f3n administrativa revocable. Este reclamo pertenece a ADPRA y a sus Defensor\u00edas, en particular, a las del norte argentino, que desde hace a\u00f1os sostienen la necesidad de un esquema tarifario que contemple la realidad bioclim\u00e1tica de las regiones de altas temperaturas y equilibre el desigual desarrollo relativo de las provincias, tal como lo manda la Constituci\u00f3n Nacional. El reconocimiento de esa tarifa diferenciada salda una deuda hist\u00f3rica y ADPRA acompa\u00f1a su concreci\u00f3n, por lo que el modo en que se instrumente define su valor. Una necesidad derivada de temperaturas extremas no es estacional ni coyuntural y no puede quedar reducida a bloques de subsidio para los meses de verano ni a bonificaciones de alcance y duraci\u00f3n variables, aplicadas de manera desigual. \u00a0Un esquema superador exige criterios t\u00e9cnicos y de zonificaci\u00f3n bioambiental objetivos, estables y de fuente legal. As\u00ed, una resoluci\u00f3n condicionada a un acuerdo pol\u00edtico no otorga esa certeza: lo que se concede por esa v\u00eda puede recortarse o suprimirse por la misma v\u00eda. El costo de esa concesi\u00f3n no puede recaer sobre otro derecho vigente. Las zonas fr\u00edas y las zonas c\u00e1lidas responden a realidades bioclim\u00e1ticas igualmente leg\u00edtimas y los hogares de las regiones incorporadas al r\u00e9gimen en 2021 afrontan necesidades reales de calefacci\u00f3n frente a las bajas temperaturas. Reducir su beneficio para asegurar los votos que habiliten el esquema de zonas c\u00e1lidas sustituye un derecho por otro y traslada el conflicto a las familias. ADPRA asume la defensa de los usuarios de todas las regiones, sin que el reconocimiento de unos se realice en menoscabo de los dem\u00e1s.<\/p>\n<p>El contexto tarifario agrava cada una de estas decisiones. Entre diciembre de 2023 y julio de 2026, la canasta de servicios p\u00fablicos de las principales ciudades del pa\u00eds acumul\u00f3 un incremento del 966%, frente a una suba del 241% del nivel general de precios, y el gas registr\u00f3 un alza del 2.185%. Esa canasta pas\u00f3 a representar alrededor del 15% del salario registrado promedio y el conjunto de luz, gas, agua y transporte supera hoy el 12% del salario, m\u00e1s del doble de lo que absorb\u00eda a fines de 2023. Para los hogares de menores ingresos, el gasto en energ\u00eda se acerca al 10% y m\u00e1s tambi\u00e9n del ingreso, umbral que define la pobreza energ\u00e9tica, y son las provincias del norte las que registran algunas de las mayores incidencias del pa\u00eds. Cada punto que las boletas restan al presupuesto familiar se descuenta de la canasta de alimentos: el aumento de las tarifas de los servicios p\u00fablicos, que crece muy por encima de la inflaci\u00f3n, compite de manera directa con la comida en la mesa de los hogares. El Ombudsman Provincial Dr. Jos\u00e9 Leonardo Gialluca, advirti\u00f3 que, por su magnitud social, un beneficio de esta naturaleza no puede crearse ni reducirse por criterios pol\u00edticos ni por v\u00eda administrativa. La derogaci\u00f3n o modificaci\u00f3n de un r\u00e9gimen que alcanza a miles de familias no puede colocarlas en disyuntivas de cubrir servicios o necesidades b\u00e1sicas. Por ello, ADPRA solicit\u00f3 que la tarifa diferenciada para las zonas c\u00e1lidas y muy c\u00e1lidas se establezca por ley, con car\u00e1cter permanente y sobre criterios t\u00e9cnicos y bioclim\u00e1ticos objetivos; que su reconocimiento no se condicione ni se financie con la reducci\u00f3n del R\u00e9gimen de Zona Fr\u00eda; que toda modificaci\u00f3n de ambos reg\u00edmenes se adopte por v\u00eda legislativa, con evaluaci\u00f3n de su impacto sobre los usuarios y resguardo de los derechos adquiridos y que se garantice la continuidad de los beneficios vigentes hasta tanto se sancione un esquema superador que los contemple de manera integral, no debiendo ni los diputados nacionales y\/o senadores eludir el debate, y posterior tratamiento para que se sancione la Ley de Tarifas Diferenciadas para el Norte Grande Argentino.<\/p>\n","protected":false},"excerpt":{"rendered":"<p>-Gialluca afirm\u00f3 que, frente a la negativa y rechazo de los diputados por formosa, Atilio Basualdo y Gerardo Gonzalez, junto a sus pares de La Libertad Avanza, el PRO y Bloques Aliados al Oficialismo Nacional, para tratar una Tarifa Regional Diferenciada que \u201cbeneficiar\u00e1 a miles de usuarios residenciales de todo el Norte Grande Argentino\u00a0 en [&hellip;]<\/p>\n","protected":false},"author":1,"featured_media":17587,"comment_status":"closed","ping_status":"closed","sticky":false,"template":"","format":"standard","meta":{"footnotes":""},"categories":[1],"tags":[],"class_list":["post-17586","post","type-post","status-publish","format-standard","has-post-thumbnail","hentry","category-noticias"],"_links":{"self":[{"href":"https:\/\/defensoriaformosa.gob.ar\/index.php?rest_route=\/wp\/v2\/posts\/17586","targetHints":{"allow":["GET"]}}],"collection":[{"href":"https:\/\/defensoriaformosa.gob.ar\/index.php?rest_route=\/wp\/v2\/posts"}],"about":[{"href":"https:\/\/defensoriaformosa.gob.ar\/index.php?rest_route=\/wp\/v2\/types\/post"}],"author":[{"embeddable":true,"href":"https:\/\/defensoriaformosa.gob.ar\/index.php?rest_route=\/wp\/v2\/users\/1"}],"replies":[{"embeddable":true,"href":"https:\/\/defensoriaformosa.gob.ar\/index.php?rest_route=%2Fwp%2Fv2%2Fcomments&post=17586"}],"version-history":[{"count":1,"href":"https:\/\/defensoriaformosa.gob.ar\/index.php?rest_route=\/wp\/v2\/posts\/17586\/revisions"}],"predecessor-version":[{"id":17588,"href":"https:\/\/defensoriaformosa.gob.ar\/index.php?rest_route=\/wp\/v2\/posts\/17586\/revisions\/17588"}],"wp:featuredmedia":[{"embeddable":true,"href":"https:\/\/defensoriaformosa.gob.ar\/index.php?rest_route=\/wp\/v2\/media\/17587"}],"wp:attachment":[{"href":"https:\/\/defensoriaformosa.gob.ar\/index.php?rest_route=%2Fwp%2Fv2%2Fmedia&parent=17586"}],"wp:term":[{"taxonomy":"category","embeddable":true,"href":"https:\/\/defensoriaformosa.gob.ar\/index.php?rest_route=%2Fwp%2Fv2%2Fcategories&post=17586"},{"taxonomy":"post_tag","embeddable":true,"href":"https:\/\/defensoriaformosa.gob.ar\/index.php?rest_route=%2Fwp%2Fv2%2Ftags&post=17586"}],"curies":[{"name":"wp","href":"https:\/\/api.w.org\/{rel}","templated":true}]}}