{"id":17225,"date":"2026-04-28T16:59:05","date_gmt":"2026-04-28T19:59:05","guid":{"rendered":"https:\/\/defensoriaformosa.gob.ar\/?p=17225"},"modified":"2026-04-29T17:01:18","modified_gmt":"2026-04-29T20:01:18","slug":"solicitan-se-evalue-otorgar-una-prorroga-sin-suspension-del-servicio-para-el-pago-de-las-facturas-de-energia-electrica-a-los-usuarios-de-las-localidades-afectadas-por-las-lluvias","status":"publish","type":"post","link":"https:\/\/defensoriaformosa.gob.ar\/?p=17225","title":{"rendered":"SOLICITAN SE EVALUE OTORGAR UNA PRORROGA SIN SUSPENSION DEL SERVICIO PARA EL PAGO DE LAS FACTURAS DE ENERGIA ELECTRICA A LOS USUARIOS DE LAS LOCALIDADES AFECTADAS POR LAS LLUVIAS"},"content":{"rendered":"<p><strong>-En consideraci\u00f3n a las graves consecuencias que dejaron los \u00faltimos fen\u00f3menos clim\u00e1ticos que originaron que barrios completos de diversas Localidades del Interior Provincial se inundaran, usuarios residenciales, algunos comercios y otros titulares de pymes, deben enfrentar en la actualidad, \u201cgastos extraordinarios, no previstos y es aqu\u00ed donde reside el requerimiento de prorroga en el pago de las facturas de Refsa, teniendo en cuenta los Confiscatorios incrementos tarifarios aplicados por el Gobierno Nacional, contrar\u00edan a la propia CSJN, quien ha establecido que los mismos deben ser Justos y Razonables-<\/strong><\/p>\n<p><!--more--><\/p>\n<p>Desde la -Direcci\u00f3n de Servicios P\u00fablicos- de la Defensor\u00eda del Pueblo de la Provincia de Formosa, se impuls\u00f3 el planteo efectuado tanto por usuarios residenciales, comerciales y pymes, de distintas Localidades del Interior Provincial que se vieron gravemente afectadas por las \u00faltimas precipitaciones que se produjeron, las cuales en Ibarreta, en pocas horas, el lunes 20 del corriente mes y a\u00f1o, cayeron aproximadamente 250 mm, por lo cual, las redes de drenaje primarias, secundarias y troncales, se vieron totalmente colmatadas, ingresando el agua a las viviendas de diferentes barrios, ocasionando da\u00f1os y perjuicios en los bienes patrimonio de cada familia. Igual situaci\u00f3n se vivi\u00f3 tambi\u00e9n en Estanislao del Campo, Subteniente Per\u00edn, Comandante Fontana, Belgrano, Palo Santo, Piran\u00e9, El Espinillo y Misi\u00f3n Tacaagl\u00e9 que se encuentran dentro de la franja de mayor afectaci\u00f3n; en tanto que la semana pasada hubo tambi\u00e9n importantes precipitaciones en la zona oeste, en Localidades como Laguna Yema y Los Chiriguanos, adem\u00e1s de Colonias Aleda\u00f1as; quienes requirieron al Organismo de la Constituci\u00f3n que se solicite a la Empresa Refsa S.A. Servicios El\u00e9ctricos \u201cse eval\u00fae la alternativa de otorgar una prorroga sin suspensi\u00f3n del servicio para el pago de las facturas, tanto a favor de usuarios residenciales y comerciales que se vieron afectados por este hecho extraordinario\u201d. El Ombudsman Provincial, Dr. Jos\u00e9 Leonardo Gialluca, se\u00f1al\u00f3 que, el planteo se efectu\u00f3 por ante el Presidente de la Empresa Refsa, Ing. Fernando De Vido, y ahora quedamos a la espera de su resoluci\u00f3n, entendiendo que la alternativa planteada constituye un auxilio o ayuda del Estado Provincial a centenares de familias perjudicadas por las inclemencias clim\u00e1ticas del fen\u00f3meno de \u201cEl Ni\u00f1o\u201d, que de establecerse, se requerir\u00e1n seguramente, la acreditaci\u00f3n de algunos extremos que ser\u00e1n oportunamente dados a conocer por las Autoridades Competentes.<\/p>\n<p>Fundament\u00f3 el planteo el Funcionario Provincial en que, en los \u00faltimos tres a\u00f1os, los precios de la generaci\u00f3n y el transporte de la energ\u00eda aumentaron 8000% por decisi\u00f3n del Gobierno de Javier Milei, (2000% generaci\u00f3n y 6000% el transporte). Estos incrementos irracionales, repercuten directamente en las facturas que abonan los usuarios, no los fija REFSA ni ninguna de las distribuidoras provinciales, sino la Secretar\u00eda de Energ\u00eda de la Naci\u00f3n. A su vez, a\u00f1adi\u00f3 que, este impacto no es uniforme, pues Formosa figura entre las Provincias que menos actualizaron sus tarifas en lo que respecta al VAD (Valor Agregado de Distribuci\u00f3n) y donde no se cobra ning\u00fan impuesto provincial ni tasa municipal, salvo el IVA que es un tributo nacional, pero esto no significa que las familias formose\u00f1as no hayan sentido en sus bolsillos, por un lado, el incremento desmedido del Gobierno Nacional en el precio de Generaci\u00f3n y Transporte, a lo que se le suma, la eliminaci\u00f3n de subsidios en todo el Pa\u00eds. \u00a0Cuando Javier Milei asumi\u00f3 la Presidencia en diciembre de 2023, los argentinos pagaban el 40% del costo real de la energ\u00eda que consum\u00edan. El resto lo financiaba el Estado.<\/p>\n<p>Dos a\u00f1os despu\u00e9s, seg\u00fan un estudio del Observatorio de Tarifas y Subsidios del IIEP (UBA-CONICET), el precio de la luz acumul\u00f3 un aumento del 597%, m\u00e1s del triple que la inflaci\u00f3n y los salarios registrados. El Secretar\u00eda de Coordinaci\u00f3n de Energ\u00eda y Miner\u00eda de Naci\u00f3n, Lic. Daniel Cristian Gonz\u00e1lez Casartelli, lo defendi\u00f3 con n\u00fameros ante el Congreso Nacional se\u00f1alando, \u00abEs un cambio de paradigma en los n\u00fameros fiscales\u00bb. Desde enero de 2026 entr\u00f3 en vigencia el r\u00e9gimen de Subsidios Energ\u00e9ticos Focalizados (SEF), que elimin\u00f3 la segmentaci\u00f3n en tres niveles de ingreso y estableci\u00f3 solo dos categor\u00edas: hogares con subsidio y hogares sin subsidio, fij\u00e1ndose topes e los consumos que hace que el 99% de las familias formose\u00f1as tengan que pagar una tarifa plena sin ning\u00fan tipo de beneficio, pues la Secretaria de Energ\u00eda, \u201crealiza los Cuadros Tarifarios y el r\u00e9gimen de Subsidios Energ\u00e9ticos Focalizados, sin tener en cuenta las realidades clim\u00e1ticas del Norte Argentino y menos a\u00fan, las econ\u00f3micas y sociales\u201d.<\/p>\n","protected":false},"excerpt":{"rendered":"<p>-En consideraci\u00f3n a las graves consecuencias que dejaron los \u00faltimos fen\u00f3menos clim\u00e1ticos que originaron que barrios completos de diversas Localidades del Interior Provincial se inundaran, usuarios residenciales, algunos comercios y otros titulares de pymes, deben enfrentar en la actualidad, \u201cgastos extraordinarios, no previstos y es aqu\u00ed donde reside el requerimiento de prorroga en el pago [&hellip;]<\/p>\n","protected":false},"author":1,"featured_media":17226,"comment_status":"closed","ping_status":"closed","sticky":false,"template":"","format":"standard","meta":{"footnotes":""},"categories":[1],"tags":[],"class_list":["post-17225","post","type-post","status-publish","format-standard","has-post-thumbnail","hentry","category-noticias"],"_links":{"self":[{"href":"https:\/\/defensoriaformosa.gob.ar\/index.php?rest_route=\/wp\/v2\/posts\/17225","targetHints":{"allow":["GET"]}}],"collection":[{"href":"https:\/\/defensoriaformosa.gob.ar\/index.php?rest_route=\/wp\/v2\/posts"}],"about":[{"href":"https:\/\/defensoriaformosa.gob.ar\/index.php?rest_route=\/wp\/v2\/types\/post"}],"author":[{"embeddable":true,"href":"https:\/\/defensoriaformosa.gob.ar\/index.php?rest_route=\/wp\/v2\/users\/1"}],"replies":[{"embeddable":true,"href":"https:\/\/defensoriaformosa.gob.ar\/index.php?rest_route=%2Fwp%2Fv2%2Fcomments&post=17225"}],"version-history":[{"count":1,"href":"https:\/\/defensoriaformosa.gob.ar\/index.php?rest_route=\/wp\/v2\/posts\/17225\/revisions"}],"predecessor-version":[{"id":17227,"href":"https:\/\/defensoriaformosa.gob.ar\/index.php?rest_route=\/wp\/v2\/posts\/17225\/revisions\/17227"}],"wp:featuredmedia":[{"embeddable":true,"href":"https:\/\/defensoriaformosa.gob.ar\/index.php?rest_route=\/wp\/v2\/media\/17226"}],"wp:attachment":[{"href":"https:\/\/defensoriaformosa.gob.ar\/index.php?rest_route=%2Fwp%2Fv2%2Fmedia&parent=17225"}],"wp:term":[{"taxonomy":"category","embeddable":true,"href":"https:\/\/defensoriaformosa.gob.ar\/index.php?rest_route=%2Fwp%2Fv2%2Fcategories&post=17225"},{"taxonomy":"post_tag","embeddable":true,"href":"https:\/\/defensoriaformosa.gob.ar\/index.php?rest_route=%2Fwp%2Fv2%2Ftags&post=17225"}],"curies":[{"name":"wp","href":"https:\/\/api.w.org\/{rel}","templated":true}]}}