{"id":17222,"date":"2026-04-27T09:08:17","date_gmt":"2026-04-27T12:08:17","guid":{"rendered":"https:\/\/defensoriaformosa.gob.ar\/?p=17222"},"modified":"2026-04-28T09:10:17","modified_gmt":"2026-04-28T12:10:17","slug":"solicitan-a-la-justicia-federal-ordene-se-libere-de-diferentes-cortes-a-la-ruta-nacional-81","status":"publish","type":"post","link":"https:\/\/defensoriaformosa.gob.ar\/?p=17222","title":{"rendered":"SOLICITAN A LA JUSTICIA FEDERAL ORDENE SE LIBERE DE DIFERENTES CORTES A LA RUTA NACIONAL 81"},"content":{"rendered":"<p>Titulares de veh\u00edculos particulares, transportistas de cargas, de pasajeros, ambulancias, camiones de valores, docentes, alumnos y ciudadanos en general, que precisan por diversos motivos y poseen el leg\u00edtimo derecho a la utilizaci\u00f3n libre de la Ruta Nacional N\u00ba 81, concretaron una presentaci\u00f3n por ante la Defensor\u00eda del Pueblo de la Provincia de Formosa, solicitando, \u201cla liberaci\u00f3n de esta traza, a la altura de la Comunidad de Bartolom\u00e9 de las Casas, frente a la EPEP N\u00ba 400 KM 1348 (primer corte), en cercan\u00edas del acceso principal a la misma, donde se encuentra ubicado un sem\u00e1foro (segundo corte) y tambi\u00e9n en la Comunidad Originaria Juan Bautista Alberdi en el Km 1404 a escasa distancia de Estanislao del Campo (tercer corte)\u201d.<\/p>\n<p>Ante ello, el d\u00eda s\u00e1bado 25 del corriente mes y a\u00f1o, se present\u00f3 una Formal Petici\u00f3n al Titular Comandante Principal Horacio Javier Aliaga del Escuadr\u00f3n XV \u201cBajo Paraguay\u201d de Gendarmer\u00eda Nacional, a fin que adopte las medidas urgentes y necesarias dentro de su competencia para la liberaci\u00f3n total de esta traza nacional. Sin haberse recepcionado respuesta alguna, el d\u00eda domingo 26 se interpuso una Denuncia Penal ante la Fiscal Federal en turno, Dra. Elena Marisa V\u00e1zquez, \u201ctoda vez que los Autores Materiales e Intelectuales de los hechos delictivos en curso prosegu\u00edan con la interrupci\u00f3n total de la RN 81, agrav\u00e1ndose la situaci\u00f3n, frente a la inexistencia de caminos alternativos y encontr\u00e1ndose las banquinas en estado intransitable por las lluvias ca\u00eddas en d\u00edas anteriores\u201d. El Ombudsman Provincial, Dr. Jos\u00e9 Leonardo Gialluca, se\u00f1al\u00f3 que, este lunes, -Ampliamos Denuncia- ante la Fiscal Actuante y se procedi\u00f3 a individualizar a los Responsables de los cortes, solicit\u00e1ndose a la Justicia Federal, Cite a los mismos a prestar Declaraci\u00f3n Indagatoria en base a los establecido en el Art. 194 del C\u00f3digo Penal y por violaciones a lo prescripto en el Art. 14 de la Constituci\u00f3n Nacional, entre otros, \u00a0habi\u00e9ndose recepcionado, adem\u00e1s, una Denuncia del Ciudadano Victorica Carlos Fidel, \u201cen la cual, dej\u00f3 constancia que Sanchez Cesar, Graciela Moratalla y Hugo Barchet, son los que se atribuyen la representaci\u00f3n de las Comunidades Originarias, solicitando en su nombre, alimentos no perecederos, colchones, ropas, chapas, todos elementos estos que ya fueron entregados, oportunamente por las \u00c1reas Competentes del Gobierno Provincial, a todos aquellos que realmente los necesitan y que abusando de las necesidades de las mismas, respaldados por Gendarmer\u00eda Nacional, estas personas estar\u00edan llevando adelante, las medidas de fuerza por instrucciones del Senador Nacional Paoltroni Francisco y el Diputado Nacional Atilio Basualdo, dejando constancia que los responsables antes mencionados no fueron nunca afectados por las lluvias que s\u00ed perjudicaron a otras familias originarias\u201d. SIC.<\/p>\n<p>El Funcionario Provincial, ratific\u00f3 que, estamos abiertos para canalizar cualquier acci\u00f3n y\/o gesti\u00f3n que permita el libre tr\u00e1nsito por la RN 81 y adelant\u00f3 que estos antecedentes ser\u00e1n remitidos a la actual Ministra de Seguridad, Alejandra Monteoliva y al Jefe de Gabinete de Ministros, Manuel Adorni, para su conocimiento y consideraci\u00f3n, teniendo en cuenta que, en los \u00faltimos tiempos, mediante la implementaci\u00f3n de la Resoluci\u00f3n N\u00ba 943\/23 conocida como -Protocolo Antipiquetes-, el Gobierno Nacional sistem\u00e1ticamente ha utilizado las fuerzas de seguridad nacionales (Gendarmer\u00eda Nacional, Polic\u00eda Federal, Prefectura y Polic\u00eda de Seguridad Aeroportuaria), en operativos represivos, con ataques a personas con discapacidad, estudiantes, trabajadores, jubilados, pensionados, prensa, quienes han sufrido hasta el uso de armas de fuego, como fue el caso de Pablo Grillo, produci\u00e9ndose detenciones arbitrarias en contexto de protestas sociales y donde el Poder Judicial no viene cumpliendo con investigaciones adecuadas y exhaustivas frente a la afectaci\u00f3n de derechos reconocidos legalmente y que integran los principios republicanos constitutivos de nuestra Institucionalidad, lo que le ha valido a la Argentina, ser denunciada durante los primeros meses de 2026, por Organismos Internacionales y ONGs ante el uso excesivo de la fuerza y la represi\u00f3n de la protesta social, por la ONU, Amnist\u00eda Internacional y Human Rights Watch, quienes han se\u00f1alado un deterioro institucional y un fuerte retroceso en derechos humanos en nuestro pa\u00eds.<\/p>\n","protected":false},"excerpt":{"rendered":"<p>Titulares de veh\u00edculos particulares, transportistas de cargas, de pasajeros, ambulancias, camiones de valores, docentes, alumnos y ciudadanos en general, que precisan por diversos motivos y poseen el leg\u00edtimo derecho a la utilizaci\u00f3n libre de la Ruta Nacional N\u00ba 81, concretaron una presentaci\u00f3n por ante la Defensor\u00eda del Pueblo de la Provincia de Formosa, solicitando, \u201cla [&hellip;]<\/p>\n","protected":false},"author":1,"featured_media":17223,"comment_status":"closed","ping_status":"closed","sticky":false,"template":"","format":"standard","meta":{"footnotes":""},"categories":[1],"tags":[],"class_list":["post-17222","post","type-post","status-publish","format-standard","has-post-thumbnail","hentry","category-noticias"],"_links":{"self":[{"href":"https:\/\/defensoriaformosa.gob.ar\/index.php?rest_route=\/wp\/v2\/posts\/17222","targetHints":{"allow":["GET"]}}],"collection":[{"href":"https:\/\/defensoriaformosa.gob.ar\/index.php?rest_route=\/wp\/v2\/posts"}],"about":[{"href":"https:\/\/defensoriaformosa.gob.ar\/index.php?rest_route=\/wp\/v2\/types\/post"}],"author":[{"embeddable":true,"href":"https:\/\/defensoriaformosa.gob.ar\/index.php?rest_route=\/wp\/v2\/users\/1"}],"replies":[{"embeddable":true,"href":"https:\/\/defensoriaformosa.gob.ar\/index.php?rest_route=%2Fwp%2Fv2%2Fcomments&post=17222"}],"version-history":[{"count":1,"href":"https:\/\/defensoriaformosa.gob.ar\/index.php?rest_route=\/wp\/v2\/posts\/17222\/revisions"}],"predecessor-version":[{"id":17224,"href":"https:\/\/defensoriaformosa.gob.ar\/index.php?rest_route=\/wp\/v2\/posts\/17222\/revisions\/17224"}],"wp:featuredmedia":[{"embeddable":true,"href":"https:\/\/defensoriaformosa.gob.ar\/index.php?rest_route=\/wp\/v2\/media\/17223"}],"wp:attachment":[{"href":"https:\/\/defensoriaformosa.gob.ar\/index.php?rest_route=%2Fwp%2Fv2%2Fmedia&parent=17222"}],"wp:term":[{"taxonomy":"category","embeddable":true,"href":"https:\/\/defensoriaformosa.gob.ar\/index.php?rest_route=%2Fwp%2Fv2%2Fcategories&post=17222"},{"taxonomy":"post_tag","embeddable":true,"href":"https:\/\/defensoriaformosa.gob.ar\/index.php?rest_route=%2Fwp%2Fv2%2Ftags&post=17222"}],"curies":[{"name":"wp","href":"https:\/\/api.w.org\/{rel}","templated":true}]}}