{"id":1712,"date":"2015-09-23T16:11:26","date_gmt":"2015-09-23T19:11:26","guid":{"rendered":"http:\/\/2015.defensoriaformosa.gob.ar\/?p=1712"},"modified":"2015-09-23T16:22:44","modified_gmt":"2015-09-23T19:22:44","slug":"afirmo-la-defensoria-del-pueblo-que-todas-las-obras-necesarias-para-el-puente-lavalle-estan-garantizadas-y-se-realizaran-cuanto-antes","status":"publish","type":"post","link":"https:\/\/defensoriaformosa.gob.ar\/?p=1712","title":{"rendered":"AFIRMO LA DEFENSORIA DEL PUEBLO QUE TODAS LAS OBRAS NECESARIAS PARA EL PUENTE LAVALLE ESTAN GARANTIZADAS Y SE REALIZARAN CUANTO ANTES"},"content":{"rendered":"<p style=\"text-align: justify;\"><strong>El actual Titular de la Defensor\u00eda del Pueblo de la Provincia de Formosa, Dr. Jos\u00e9 Leonardo Gialluca, le manifest\u00f3 al Diputado Provincial Miguel \u00c1ngel Ventimiglia, que cese en sus hipocres\u00edas en cuanto a exteriorizar no querer crear zozobra y malestar entre los ciudadanos de la zona del Puente Lavalle, pues la realidad de sus propias declaraciones lo condenan. El que no conoce la zona es evidentemente el diputado, ya que la Ruta 95 de continuar subiendo las aguas del Rio Bermejo, no se cortara en el Puente Lavalle, sino que \u2013 lo podr\u00eda realizar en otras zonas mucho m\u00e1s bajas, siguiendo sus cuencas naturales, como lo es la franja del Paraje 503 por ejemplo, entre otras-.<\/strong><\/p>\n<p style=\"text-align: justify;\"><!--more--><\/p>\n<p style=\"text-align: justify;\">Por otra parte el funcionario le volvi\u00f3 a informar al diputado que en el tiempo en que los t\u00e9cnicos de la Direcci\u00f3n Nacional de Vialidad entiendan que realmente sea \u201cposible y oportuno\u201d, se realizaran todos los trabajos necesarios no solamente con defensas del lado formose\u00f1o, sino tambi\u00e9n de la otra ribera sobre todo el tramo Rio Bermejo- Castelli- Limite Chaco\/ Formosa \u2013 Secci\u00f3n: km 1.278, 90 km 1.288,31; y a ello se le agregara una defensa de aproximadamente 75 metros de longitud, todo lo cual se encuentra absolutamente licitado a la fecha.<\/p>\n<p style=\"text-align: justify;\">Se\u00f1alo por otro lado, el Defensor del Pueblo que existen \u201cdiversas formas o modos de acompa\u00f1ar a la gente\u201d. Estamos aquellos funcionarios que atendemos sin excluir a nadie y sin privilegiar a ning\u00fan sector, pues el Pueblo Formose\u00f1o es uno solo y nunca concretaremos acciones que desconozcan sus derechos y los perjudiquen, por ello no debemos olvidarnos que Ventimiglia hostig\u00f3 en su momento a trabajadores, para que renunciaran y terminaron siendo despedidos de la firma Mader Vent S.A, propiedad del mismo, radicada en Pirane, siendo tambi\u00e9n que sus magros sueldos se los pagaba en cuotas y como si fuera poco ten\u00eda una proveedur\u00eda donde se ve\u00edan obligados a sacar mercader\u00eda ya que los ingresos no les alcanzaba y el mismo se amparaba en las bajas ventas y en que la AFIP lo persegu\u00eda, para de esa forma librarse de las obligaciones que establece la Ley.<\/p>\n<p style=\"text-align: justify;\">\n","protected":false},"excerpt":{"rendered":"<p>El actual Titular de la Defensor\u00eda del Pueblo de la Provincia de Formosa, Dr. Jos\u00e9 Leonardo Gialluca, le manifest\u00f3 al Diputado Provincial Miguel \u00c1ngel Ventimiglia, que cese en sus hipocres\u00edas en cuanto a exteriorizar no querer crear zozobra y malestar entre los ciudadanos de la zona del Puente Lavalle, pues la realidad de sus propias [&hellip;]<\/p>\n","protected":false},"author":1,"featured_media":1687,"comment_status":"closed","ping_status":"closed","sticky":false,"template":"","format":"standard","meta":{"footnotes":""},"categories":[1,3],"tags":[],"class_list":["post-1712","post","type-post","status-publish","format-standard","has-post-thumbnail","hentry","category-noticias","category-defensa-de-los-derechos-del-usuario-consumidor-contribuyentes"],"_links":{"self":[{"href":"https:\/\/defensoriaformosa.gob.ar\/index.php?rest_route=\/wp\/v2\/posts\/1712","targetHints":{"allow":["GET"]}}],"collection":[{"href":"https:\/\/defensoriaformosa.gob.ar\/index.php?rest_route=\/wp\/v2\/posts"}],"about":[{"href":"https:\/\/defensoriaformosa.gob.ar\/index.php?rest_route=\/wp\/v2\/types\/post"}],"author":[{"embeddable":true,"href":"https:\/\/defensoriaformosa.gob.ar\/index.php?rest_route=\/wp\/v2\/users\/1"}],"replies":[{"embeddable":true,"href":"https:\/\/defensoriaformosa.gob.ar\/index.php?rest_route=%2Fwp%2Fv2%2Fcomments&post=1712"}],"version-history":[{"count":1,"href":"https:\/\/defensoriaformosa.gob.ar\/index.php?rest_route=\/wp\/v2\/posts\/1712\/revisions"}],"predecessor-version":[{"id":1713,"href":"https:\/\/defensoriaformosa.gob.ar\/index.php?rest_route=\/wp\/v2\/posts\/1712\/revisions\/1713"}],"wp:featuredmedia":[{"embeddable":true,"href":"https:\/\/defensoriaformosa.gob.ar\/index.php?rest_route=\/wp\/v2\/media\/1687"}],"wp:attachment":[{"href":"https:\/\/defensoriaformosa.gob.ar\/index.php?rest_route=%2Fwp%2Fv2%2Fmedia&parent=1712"}],"wp:term":[{"taxonomy":"category","embeddable":true,"href":"https:\/\/defensoriaformosa.gob.ar\/index.php?rest_route=%2Fwp%2Fv2%2Fcategories&post=1712"},{"taxonomy":"post_tag","embeddable":true,"href":"https:\/\/defensoriaformosa.gob.ar\/index.php?rest_route=%2Fwp%2Fv2%2Ftags&post=1712"}],"curies":[{"name":"wp","href":"https:\/\/api.w.org\/{rel}","templated":true}]}}