{"id":17090,"date":"2026-03-14T06:30:13","date_gmt":"2026-03-14T09:30:13","guid":{"rendered":"https:\/\/defensoriaformosa.gob.ar\/?p=17090"},"modified":"2026-03-16T06:32:58","modified_gmt":"2026-03-16T09:32:58","slug":"denuncian-a-persona-que-publico-por-tik-tok-un-mensaje-discriminatorio","status":"publish","type":"post","link":"https:\/\/defensoriaformosa.gob.ar\/?p=17090","title":{"rendered":"DENUNCIAN A PERSONA QUE PUBLIC\u00d3 POR TIK TOK UN MENSAJE DISCRIMINATORIO"},"content":{"rendered":"<p><strong>-Se afirm\u00f3 que, no debemos naturalizar los insultos o conductas desagradables hacia las personas con autismo, las burlas, gestos groseros, son formas de acoso que no pueden quedar impunes-<\/strong><\/p>\n<p><!--more--><\/p>\n<p>La Asociaci\u00f3n Camino Azul TEA \u2013 Formosa, junto a Padres de Ni\u00f1os con Autismo y la Defensor\u00eda del Pueblo de la Provincia, denunciaron penalmente a una persona que, por el momento es identificada como VSF, por la comisi\u00f3n de hechos discriminatorios, solicitando al Fiscal Penal en turno, que intervenga a fin de investigar la posible comisi\u00f3n del delito previsto por la Ley Nacional N\u00ba 23.692, en sus arts. 1\u00ba y 3\u00ba, con el objeto de que la agraviante se retracte de lo dicho o eventualmente, afronte las consecuencias de su inconducta.<\/p>\n<p>El hecho fue se\u00f1alado por numerosas personas que expresaron su indignaci\u00f3n, ante el Organismo de la Constituci\u00f3n y peticionaron la intervenci\u00f3n del mismo. Se trata de una publicaci\u00f3n efectuada, d\u00edas pasados, por una persona desde su cuenta de la red social TIK TOK, quien menoscabo y denigr\u00f3 al colectivo de personas con autismo en nuestra provincia. Las expresiones vertidas, utilizan al neurodesarrollo con base gen\u00e9tica compleja y multifuncional (Trastorno del Espectro Autista \u2013 TEA) como condici\u00f3n manipulada a manera de insulto, equivalente a una \u00abincapacidad mental\u00bb o \u00abdeficiencia\u00bb, reforzando prejuicios segregacionistas y estigmatizantes, que afectan directamente el derecho al honor, la dignidad de las personas que padecen TEA y el de sus familias, vulnerando elementales principios regidos por el art\u00edculo 33 (Derechos impl\u00edcitos derivados de la Dignidad Humana) y mediante los Tratados Internacionales de Derechos Humanos con Jerarqu\u00eda Constitucional (art. 75 inc. 22), como la Convenci\u00f3n Americana sobre Derechos Humanos, que protege la honra, dignidad de las personas y la Convenci\u00f3n sobre los Derechos de las Personas con Discapacidad (CDPD), hechos respecto de los cuales la Ley Nacional citada, claramente, establece sanciones espec\u00edficas para los que los cometan, motivo por el cual, se formul\u00f3 la pertinente presentaci\u00f3n ante la Fiscal\u00eda Penal en turno.<\/p>\n<p>Sobre este particular, los padres, al momento de la presentaci\u00f3n del escrito ante la Fiscal\u00eda Penal expresaron: \u201cHay mucha violencia en las redes sociales, pero sin dudas, la expresi\u00f3n m\u00e1s detestable de tal conducta antisocial se consuma al agredir a los que no pueden defenderse, denigrando su condici\u00f3n. Ello nos motiv\u00f3 a solicitar acciones judiciales, en la esperanza de que este sea un camino que permita poner l\u00edmites de una vez por todas para aquellos que agravian a las personas en la creencia de que tales acciones carecen de consecuencias legales\u201d. Por ello, cuando se vulnera la dignidad de nuestros hijos, no podemos quedarnos en silencio, recordando las afirmaciones del Ex Titular de la ANDIS, Diego Spagnuolo, quien en su momento afirm\u00f3 que, \u201cel Estado no tiene la culpa de que hayan nacido con discapacidad y que eso representa un problema familiar, no un privilegio a financiar\u201d. Resaltaron que las Asociaciones y grupos de padres no responden a partidos pol\u00edticos, \u201cpero s\u00ed toman posici\u00f3n ante situaciones que afectan los derechos de las personas con discapacidad, no estamos pidiendo favores, sino que pedimos lo que por ley nos corresponde\u201d.<\/p>\n","protected":false},"excerpt":{"rendered":"<p>-Se afirm\u00f3 que, no debemos naturalizar los insultos o conductas desagradables hacia las personas con autismo, las burlas, gestos groseros, son formas de acoso que no pueden quedar impunes-<\/p>\n","protected":false},"author":1,"featured_media":17087,"comment_status":"closed","ping_status":"closed","sticky":false,"template":"","format":"standard","meta":{"footnotes":""},"categories":[1],"tags":[],"class_list":["post-17090","post","type-post","status-publish","format-standard","has-post-thumbnail","hentry","category-noticias"],"_links":{"self":[{"href":"https:\/\/defensoriaformosa.gob.ar\/index.php?rest_route=\/wp\/v2\/posts\/17090","targetHints":{"allow":["GET"]}}],"collection":[{"href":"https:\/\/defensoriaformosa.gob.ar\/index.php?rest_route=\/wp\/v2\/posts"}],"about":[{"href":"https:\/\/defensoriaformosa.gob.ar\/index.php?rest_route=\/wp\/v2\/types\/post"}],"author":[{"embeddable":true,"href":"https:\/\/defensoriaformosa.gob.ar\/index.php?rest_route=\/wp\/v2\/users\/1"}],"replies":[{"embeddable":true,"href":"https:\/\/defensoriaformosa.gob.ar\/index.php?rest_route=%2Fwp%2Fv2%2Fcomments&post=17090"}],"version-history":[{"count":1,"href":"https:\/\/defensoriaformosa.gob.ar\/index.php?rest_route=\/wp\/v2\/posts\/17090\/revisions"}],"predecessor-version":[{"id":17092,"href":"https:\/\/defensoriaformosa.gob.ar\/index.php?rest_route=\/wp\/v2\/posts\/17090\/revisions\/17092"}],"wp:featuredmedia":[{"embeddable":true,"href":"https:\/\/defensoriaformosa.gob.ar\/index.php?rest_route=\/wp\/v2\/media\/17087"}],"wp:attachment":[{"href":"https:\/\/defensoriaformosa.gob.ar\/index.php?rest_route=%2Fwp%2Fv2%2Fmedia&parent=17090"}],"wp:term":[{"taxonomy":"category","embeddable":true,"href":"https:\/\/defensoriaformosa.gob.ar\/index.php?rest_route=%2Fwp%2Fv2%2Fcategories&post=17090"},{"taxonomy":"post_tag","embeddable":true,"href":"https:\/\/defensoriaformosa.gob.ar\/index.php?rest_route=%2Fwp%2Fv2%2Ftags&post=17090"}],"curies":[{"name":"wp","href":"https:\/\/api.w.org\/{rel}","templated":true}]}}