{"id":17083,"date":"2026-03-12T03:58:17","date_gmt":"2026-03-12T06:58:17","guid":{"rendered":"https:\/\/defensoriaformosa.gob.ar\/?p=17083"},"modified":"2026-03-13T04:01:38","modified_gmt":"2026-03-13T07:01:38","slug":"con-una-metodologia-que-tiene-20-anos-de-atraso-la-inflacion-de-febrero-segun-el-indec-fue-de-29","status":"publish","type":"post","link":"https:\/\/defensoriaformosa.gob.ar\/?p=17083","title":{"rendered":"CON UNA METODOLOG\u00cdA QUE TIENE 20 A\u00d1OS DE ATRASO LA INFLACI\u00d3N DE FEBRERO SEGUN EL INDEC FUE DE 2,9%"},"content":{"rendered":"<p><strong>-Gialluca afirm\u00f3 que, el \u00cdndice de febrero es igual al de enero, a pesar de no haberse modificado el sistema de medici\u00f3n, \u201cpor lo que la mayor\u00eda de los consumidores descree totalmente de los n\u00fameros que difundi\u00f3 el Gobierno Nacional\u201d, adem\u00e1s los salarios p\u00fablicos y privados crecen por detr\u00e1s de los \u00edndices de precios, agravando la ca\u00edda de los ingresos reales y del consumo. El Gobierno Nacional admiti\u00f3 que, la inflaci\u00f3n de febrero hubiera superado el 3% con el nuevo IPC, en tanto, el Ministro de Econom\u00eda Luis Caputo sostuvo que, \u201cla Correcci\u00f3n de precios relativos\u00bb impide que la inflaci\u00f3n desacelere-<\/strong><\/p>\n<p><!--more--><br \/>\nDesde la Defensor\u00eda del Pueblo de la Provincia de Formosa, afirmaron que, la inflaci\u00f3n no logr\u00f3 desacelerarse respecto de enero, cuando hab\u00eda marcado el mismo registro. Tras tocar un m\u00ednimo de 1,5 % en mayo del 2025, la inflaci\u00f3n comenz\u00f3 a subir mensualmente de manera progresiva, origin\u00e1ndose los mayores aumentos en las tarifas de energ\u00eda, agua y otras, m\u00e1s los combustibles, en la mayor\u00eda de las provincias los usuarios sienten m\u00e1s a\u00fan est\u00e1 situaci\u00f3n por la modificaci\u00f3n de los esquemas de tarifas sin subsidios o siendo estos insuficientes, lo que erosiona fuertemente su capacidad adquisitiva. Dentro de Alimentos, se destacaron aumentos en carnes y derivados, que muestran incrementos importantes en todo el pa\u00eds, \u201cconvirti\u00e9ndose este producto en algo privilegiado para la mayor\u00eda de los hogares\u201d. Tambi\u00e9n, registraron incrementos en productos como el pollo entero, cortes bovinos, huevos y aceites, seg\u00fan los relevamientos del INDEC. Adem\u00e1s de la inflaci\u00f3n, se dio a conocer tambi\u00e9n por el INDEC, los datos de la Canasta B\u00e1sica del segundo mes del a\u00f1o. Siempre seg\u00fan el Organismo, una familia de cuatro personas necesit\u00f3 $ 1.397.671,83 para superar el umbral de la pobreza en febrero 2026, m\u00e1s que el mes previo y 32,1% interanual.<\/p>\n<p>&nbsp;<\/p>\n","protected":false},"excerpt":{"rendered":"<p>-Gialluca afirm\u00f3 que, el \u00cdndice de febrero es igual al de enero, a pesar de no haberse modificado el sistema de medici\u00f3n, \u201cpor lo que la mayor\u00eda de los consumidores descree totalmente de los n\u00fameros que difundi\u00f3 el Gobierno Nacional\u201d, adem\u00e1s los salarios p\u00fablicos y privados crecen por detr\u00e1s de los \u00edndices de precios, agravando [&hellip;]<\/p>\n","protected":false},"author":1,"featured_media":17084,"comment_status":"closed","ping_status":"closed","sticky":false,"template":"","format":"standard","meta":{"footnotes":""},"categories":[1],"tags":[],"class_list":["post-17083","post","type-post","status-publish","format-standard","has-post-thumbnail","hentry","category-noticias"],"_links":{"self":[{"href":"https:\/\/defensoriaformosa.gob.ar\/index.php?rest_route=\/wp\/v2\/posts\/17083","targetHints":{"allow":["GET"]}}],"collection":[{"href":"https:\/\/defensoriaformosa.gob.ar\/index.php?rest_route=\/wp\/v2\/posts"}],"about":[{"href":"https:\/\/defensoriaformosa.gob.ar\/index.php?rest_route=\/wp\/v2\/types\/post"}],"author":[{"embeddable":true,"href":"https:\/\/defensoriaformosa.gob.ar\/index.php?rest_route=\/wp\/v2\/users\/1"}],"replies":[{"embeddable":true,"href":"https:\/\/defensoriaformosa.gob.ar\/index.php?rest_route=%2Fwp%2Fv2%2Fcomments&post=17083"}],"version-history":[{"count":1,"href":"https:\/\/defensoriaformosa.gob.ar\/index.php?rest_route=\/wp\/v2\/posts\/17083\/revisions"}],"predecessor-version":[{"id":17085,"href":"https:\/\/defensoriaformosa.gob.ar\/index.php?rest_route=\/wp\/v2\/posts\/17083\/revisions\/17085"}],"wp:featuredmedia":[{"embeddable":true,"href":"https:\/\/defensoriaformosa.gob.ar\/index.php?rest_route=\/wp\/v2\/media\/17084"}],"wp:attachment":[{"href":"https:\/\/defensoriaformosa.gob.ar\/index.php?rest_route=%2Fwp%2Fv2%2Fmedia&parent=17083"}],"wp:term":[{"taxonomy":"category","embeddable":true,"href":"https:\/\/defensoriaformosa.gob.ar\/index.php?rest_route=%2Fwp%2Fv2%2Fcategories&post=17083"},{"taxonomy":"post_tag","embeddable":true,"href":"https:\/\/defensoriaformosa.gob.ar\/index.php?rest_route=%2Fwp%2Fv2%2Ftags&post=17083"}],"curies":[{"name":"wp","href":"https:\/\/api.w.org\/{rel}","templated":true}]}}