{"id":17059,"date":"2026-03-07T19:06:44","date_gmt":"2026-03-07T22:06:44","guid":{"rendered":"https:\/\/defensoriaformosa.gob.ar\/?p=17059"},"modified":"2026-03-08T19:11:26","modified_gmt":"2026-03-08T22:11:26","slug":"advierten-que-la-secretaria-de-discapacidad-dicto-medidas-ilegitimas-que-tienen-por-objetivo-la-quita-de-pensiones","status":"publish","type":"post","link":"https:\/\/defensoriaformosa.gob.ar\/?p=17059","title":{"rendered":"ADVIERTEN QUE LA SECRETARIA DE DISCAPACIDAD DICT\u00d3 MEDIDAS ILEG\u00cdTIMAS QUE TIENEN POR OBJETIVO LA QUITA DE PENSIONES"},"content":{"rendered":"<p><strong>-Gialluca denunci\u00f3 que el Presupuesto Nacional no contempla las partidas presupuestarias que exigen la ley de discapacidad y por el Gobierno Nacional impulsar eliminaciones y bajas de pensiones mediante la Resoluci\u00f3n N\u00ba 1\/2, prev\u00e9 un mecanismo de revisi\u00f3n de las pensiones (auditor\u00edas encubiertas), cuando el mismo debe surgir de la necesaria intervenci\u00f3n del Consejo Federal de Discapacidad (CoFeDis), conforme lo dispone la Ley de Emergencia Nacional en Discapacidad N\u00ba 27.793 dictada por el Congreso de la Naci\u00f3n, que establece los presupuestos m\u00ednimos para que las -Auditor\u00edas Nunca M\u00e1s- vuelvan a ser realizadas de la manera irracional, inmoral e ilegal como lo hicieron en el 2025 en nuestra provincia-<\/strong><\/p>\n<p><!--more--><\/p>\n<p>Tuvo lugar en la sede de la Defensor\u00eda del Pueblo de la Provincia de Formosa, una -Reuni\u00f3n de Trabajo- que cont\u00f3 con la presencia de la Titular de la Direcci\u00f3n de Personas con Discapacidad, Lic. Susana Jara; la Presidenta de la Asociaci\u00f3n Camino Azul TEA \u2013 Formosa, Florencia Santa Cruz, el Diputado Provincial Hugo Arrua y la Asesora Legal del Instituto de Pensiones Sociales, Dra. Norma Chavez, quienes fueron recibidos por el Defensor del Pueblo de la Provincia, Dr. Jos\u00e9 Leonardo Gialluca, secundado por el Secretario Letrado, Jos\u00e9 Porfirio Garc\u00eda y cuerpo de asesores legales del Organismo de la Constituci\u00f3n. Los presentes analizaron la recientemente dictada Resoluci\u00f3n N\u00ba 1\/2026 de la flamante Secretar\u00eda de Discapacidad (Ex. ANDIS), no sin antes remarcar que se han retrocedido m\u00e1s de 40 a\u00f1os en la concepci\u00f3n de las personas con discapacidad, pues se disolvi\u00f3 la ANDIS que era aut\u00f3noma, para dejar al \u00e1rea competente bajo la esfera del Ministerio de Salud de la Naci\u00f3n, insistiendo en el criterio de abordar a las discapacidades como cuestiones meramente biol\u00f3gicas y no en conjunto con las condiciones socioecon\u00f3micas de las personas que las padecen. Luego de un intercambio de conceptos, los presentes coincidieron que la norma analizada pretende operar como un nuevo avance, en la quita de beneficios a titulares de las pensiones con discapacidad no laborativa. En principio, la mentada resoluci\u00f3n \u201cdeviene en inconstitucional\u201d, pues prev\u00e9 un mecanismo de revisi\u00f3n de las pensiones (auditor\u00eda encubierta), cuando el mismo debe surgir de la necesaria intervenci\u00f3n del Consejo Federal de Discapacidad (CoFeDis), conforme lo dispuesto por la Ley de Emergencia Nacional en Discapacidad N\u00ba 27.793, la cual impone los presupuestos m\u00ednimos para que las auditor\u00edas nunca m\u00e1s vuelvan a ser realizadas de la manera irracional, inmoral e ilegal en que pretendieron ser llevadas adelante en el 2025. Experiencia que, al parecer, afirm\u00f3 el Dr. Gialluca, no le ha servido de escarmiento al Gobierno Nacional de Javier Milei, pues nuevamente dict\u00f3 un Decreto, el N\u00ba 84\/2026, inconstitucional tambi\u00e9n en su art. 12, autorizando a su dependiente Secretar\u00eda de Discapacidad para implementar un procedimiento de revisi\u00f3n surgido entre gallos y medianoche, a espaldas del CoFeDis, y atribuy\u00e9ndose facultades legislativas por sobre el Congreso de la Naci\u00f3n.<\/p>\n<p>Por ello, se\u00f1al\u00f3 el funcionario, hemos solicitado se dejen sin efecto las normativas citadas, totalmente nulas e inconstitucionales y que se respete el orden jur\u00eddico, que imponen a la Constituci\u00f3n y las Leyes de la Naci\u00f3n, por sobre los Decretos del Poder Ejecutivo y las Resoluciones Administrativas. Instancia realizada no solo por ser necesaria a la defensa de la legalidad en nuestro pa\u00eds, sino fundamentalmente porque se pretenden, nuevamente, afectar los derechos del que quiz\u00e1s sea el colectivo m\u00e1s vulnerable de la sociedad, cual es el de las personas con discapacidad y entre ellas, las imposibilitadas o limitadas para trabajar, considerando que son simples n\u00fameros en un presupuesto que, para este a\u00f1o, solo previ\u00f3 recortes en el \u00e1rea, sin considerar que la quita de las pensiones pone en riesgo de vida a personas que las reciben para asegurar su m\u00ednima subsistencia, en un contexto econ\u00f3mico y social que, aunque negado, es cada vez m\u00e1s dif\u00edcil para toda la sociedad argentina.-<\/p>\n","protected":false},"excerpt":{"rendered":"<p>-Gialluca denunci\u00f3 que el Presupuesto Nacional no contempla las partidas presupuestarias que exigen la ley de discapacidad y por el Gobierno Nacional impulsar eliminaciones y bajas de pensiones mediante la Resoluci\u00f3n N\u00ba 1\/2, prev\u00e9 un mecanismo de revisi\u00f3n de las pensiones (auditor\u00edas encubiertas), cuando el mismo debe surgir de la necesaria intervenci\u00f3n del Consejo Federal [&hellip;]<\/p>\n","protected":false},"author":1,"featured_media":17060,"comment_status":"closed","ping_status":"closed","sticky":false,"template":"","format":"standard","meta":{"footnotes":""},"categories":[1],"tags":[],"class_list":["post-17059","post","type-post","status-publish","format-standard","has-post-thumbnail","hentry","category-noticias"],"_links":{"self":[{"href":"https:\/\/defensoriaformosa.gob.ar\/index.php?rest_route=\/wp\/v2\/posts\/17059","targetHints":{"allow":["GET"]}}],"collection":[{"href":"https:\/\/defensoriaformosa.gob.ar\/index.php?rest_route=\/wp\/v2\/posts"}],"about":[{"href":"https:\/\/defensoriaformosa.gob.ar\/index.php?rest_route=\/wp\/v2\/types\/post"}],"author":[{"embeddable":true,"href":"https:\/\/defensoriaformosa.gob.ar\/index.php?rest_route=\/wp\/v2\/users\/1"}],"replies":[{"embeddable":true,"href":"https:\/\/defensoriaformosa.gob.ar\/index.php?rest_route=%2Fwp%2Fv2%2Fcomments&post=17059"}],"version-history":[{"count":1,"href":"https:\/\/defensoriaformosa.gob.ar\/index.php?rest_route=\/wp\/v2\/posts\/17059\/revisions"}],"predecessor-version":[{"id":17061,"href":"https:\/\/defensoriaformosa.gob.ar\/index.php?rest_route=\/wp\/v2\/posts\/17059\/revisions\/17061"}],"wp:featuredmedia":[{"embeddable":true,"href":"https:\/\/defensoriaformosa.gob.ar\/index.php?rest_route=\/wp\/v2\/media\/17060"}],"wp:attachment":[{"href":"https:\/\/defensoriaformosa.gob.ar\/index.php?rest_route=%2Fwp%2Fv2%2Fmedia&parent=17059"}],"wp:term":[{"taxonomy":"category","embeddable":true,"href":"https:\/\/defensoriaformosa.gob.ar\/index.php?rest_route=%2Fwp%2Fv2%2Fcategories&post=17059"},{"taxonomy":"post_tag","embeddable":true,"href":"https:\/\/defensoriaformosa.gob.ar\/index.php?rest_route=%2Fwp%2Fv2%2Ftags&post=17059"}],"curies":[{"name":"wp","href":"https:\/\/api.w.org\/{rel}","templated":true}]}}