{"id":16950,"date":"2026-01-24T12:58:59","date_gmt":"2026-01-24T15:58:59","guid":{"rendered":"https:\/\/defensoriaformosa.gob.ar\/?p=16950"},"modified":"2026-01-26T13:00:06","modified_gmt":"2026-01-26T16:00:06","slug":"afirman-que-el-gobierno-nacional-endurecio-el-acceso-a-los-subsidios-energeticos","status":"publish","type":"post","link":"https:\/\/defensoriaformosa.gob.ar\/?p=16950","title":{"rendered":"AFIRMAN QUE EL GOBIERNO NACIONAL ENDURECIO EL ACCESO A LOS SUBSIDIOS ENERGETICOS"},"content":{"rendered":"<p><strong>-Se solicit\u00f3 a la Secretar\u00eda de Energ\u00eda de Naci\u00f3n que los meses de noviembre y marzo sean admitidos con topes de consumo como los fijados para enero, febrero y diciembre-<\/strong><\/p>\n<p><!--more--><\/p>\n<p>El Defensor del Pueblo de la Provincia de Formosa, Dr. Jos\u00e9 Leonardo Gialluca, se\u00f1al\u00f3 que, la Secretar\u00eda de Energ\u00eda de Naci\u00f3n, a trav\u00e9s del plan de asistencia focalizada, \u201cest\u00e1 limitando a los hogares que cumplan con par\u00e1metros espec\u00edficos de ingresos y condiciones sociales\u201d, y a\u00f1adi\u00f3 que, si bien el NEA y el NOA fueron reconocidos como zonas muy c\u00e1lidas y acceden a un tope de 550 Kw\/h mensuales, este se aplicar\u00e1 \u00fanicamente en los meses de enero, febrero y diciembre del 2026, por lo que el beneficio econ\u00f3mico no se ver\u00e1 reflejado en las facturas de los primeros meses de este a\u00f1o y advirti\u00f3, \u201cpor el fuerte recorte del Gobierno Nacional en los meses de marzo y noviembre\u201d. El nuevo r\u00e9gimen defini\u00f3 los requisitos para acceder a los\u00a0subsidios energ\u00e9ticos, unificando la asistencia para electricidad, gas natural, gas propano por redes y garrafas en\u00a0una \u00fanica categor\u00eda de usuarios residenciales. Para ingresar al r\u00e9gimen,\u00a0los hogares deben estar inscriptos en el Registro de Subsidios Energ\u00e9ticos Focalizados (ReSEF) y demostrar ingresos netos totales inferiores o iguales a tres Canastas B\u00e1sicas Totales (CBT)\u00a0para un \u201cHogar 2\u201d, seg\u00fan los datos del INDEC. Tambi\u00e9n califican hogares con un integrante que posea el Certificado de Vivienda Familiar (ReNaBaP), una Pensi\u00f3n Vitalicia a Veteranos de Guerra o, previa evaluaci\u00f3n de necesidad econ\u00f3mica, un Certificado \u00danico de Discapacidad\u00a0(CUD). Estos criterios de inclusi\u00f3n y exclusi\u00f3n se encuentran detallados en la Disposici\u00f3n 2\/2026 de la Subsecretar\u00eda de Transici\u00f3n y Planeamiento Energ\u00e9tico, publicada en el\u00a0BO. La normativa establece que el nuevo registro se conformar\u00e1 inicialmente con la informaci\u00f3n existente en el anterior sistema RASE. M\u00e1s all\u00e1 del nivel de ingresos, la Autoridad de Aplicaci\u00f3n puede utilizar indicadores de exteriorizaci\u00f3n patrimonial para determinar la capacidad de pago de los solicitantes. La detecci\u00f3n de estos signos de capacidad econ\u00f3mica en cualquier integrante del grupo familiar permite el rechazo\u00a0de la solicitud o la exclusi\u00f3n del subsidio, incluso si se cumple con el requisito de ingresos netos.<\/p>\n<p>El control de estas condiciones se realizar\u00e1 mediante el cruce de datos con el Sistema de Identificaci\u00f3n Nacional Tributario y Social (SINTyS) y otras bases oficiales. El proceso de evaluaci\u00f3n incluir\u00e1 tambi\u00e9n criterios de georreferenciaci\u00f3n para verificar la veracidad de la situaci\u00f3n patrimonial declarada por los usuarios. Adem\u00e1s de la condici\u00f3n de ingresos monetarios,\u00a0se excluye a: * Hogares cuyos integrantes posean al menos un (1) autom\u00f3vil con una antig\u00fcedad igual o menor a tres (3) a\u00f1os.\u00a0Este criterio no se aplica en el caso de contar con un integrante del hogar titular de un Certificado \u00danico de Discapacidad (CUD) emitido por autoridad competente, * Hogares cuyos integrantes posean, en conjunto, tres o m\u00e1s inmuebles, * Hogares en los que al menos un integrante posea una embarcaci\u00f3n de lujo, * Hogares en los que al menos un integrante posea una aeronave, * Hogares en los que al menos un integrante posea activos societarios. El Ombudsman Provincial, advirti\u00f3 que, si bien Formosa fue reconocida como zona \u201cMuy C\u00e1lida\u201d, lo que permiti\u00f3 elevar el tope de consumo subsidiado durante el verano a 550 kilowatt hora mensuales para los meses de, enero, febrero y diciembre del 2026, una mejora sustancial frente al l\u00edmite original de 300 kWh que se hab\u00eda propuesto inicialmente para todo el pa\u00eds. No obstante, desde la Asociaci\u00f3n de Distribuidoras de Energ\u00eda El\u00e9ctrica de la Rep\u00fablica Argentina (Adeera), se\u00f1alan que preocupa los meses de marzo, abril, octubre y noviembre que en este nuevo esquema son considerados \u201cmeses templados\u201d, por lo que el tope de consumo con subsidio cae abruptamente a solo 150 kWh, a pesar de que en la provincia esos meses tambi\u00e9n registran altas temperaturas y elevados niveles de demanda el\u00e9ctrica. Gialluca, afirm\u00f3 que, el verano en Formosa no es lo mismo que en Mendoza, por eso era necesario un tratamiento distinto, con el nuevo r\u00e9gimen focalizado quedaron fuera del bloque verano, marzo y noviembre, con lo cual, los usuarios residenciales en el norte argentino utilizan un consumo que parte desde los 600 kw\/h mensuales aproximadamente, y conforme a lo dispuesta por la Secretar\u00eda de Energ\u00eda a partir del 151 kw\/h en adelante, se pagar\u00e1 Tarifa Plena. Record\u00f3 que los picos de consumo en Formosa se registran justamente en noviembre y marzo, lo que evidencia que esos meses no pueden ser tratados como templados en la regi\u00f3n. Por ese motivo, se solicit\u00f3 al Ministerio de Econom\u00eda y a la Secretar\u00eda de Energ\u00eda de Naci\u00f3n que, al menos, esos meses pasen a tener el mismo tope fijado para enero, febrero y diciembre.<\/p>\n<p>A tener en cuenta: Para definir qui\u00e9nes acceden al beneficio, Naci\u00f3n cruza datos de la declaraci\u00f3n jurada con distintos indicadores, entre ellos: Ingresos del grupo familiar (en relaci\u00f3n a la canasta b\u00e1sica), tenencia de veh\u00edculos, Compras en d\u00f3lares, Gastos con tarjeta en moneda extranjera, otros registros patrimoniales y financieros. Por eso, Gialluca recomend\u00f3 revisar atentamente la informaci\u00f3n declarada, siendo importante ingresar al sitio web www.argentina.gob.ar\/subsidios, ver qu\u00e9 figura en la declaraci\u00f3n jurada y corregirlo si hace falta. Si uno est\u00e1 mal categorizado, puede modificar los datos. Sostuvo que los datos son cruzados con la actual Agencia de Recaudaci\u00f3n y Control Aduanero (Arca). Tambi\u00e9n confirm\u00f3 que quienes ya estaban inscriptos no deben volver a anotarse, ya que Naci\u00f3n tomar\u00e1 la base de datos existente. Adem\u00e1s, seg\u00fan la normativa m\u00e1s reciente, tambi\u00e9n se podr\u00e1 consultar de manera presencial en la Defensor\u00eda del Pueblo o en oficinas de ANSES.<\/p>\n","protected":false},"excerpt":{"rendered":"<p>-Se solicit\u00f3 a la Secretar\u00eda de Energ\u00eda de Naci\u00f3n que los meses de noviembre y marzo sean admitidos con topes de consumo como los fijados para enero, febrero y diciembre-<\/p>\n","protected":false},"author":1,"featured_media":16951,"comment_status":"closed","ping_status":"closed","sticky":false,"template":"","format":"standard","meta":{"footnotes":""},"categories":[1],"tags":[],"class_list":["post-16950","post","type-post","status-publish","format-standard","has-post-thumbnail","hentry","category-noticias"],"_links":{"self":[{"href":"https:\/\/defensoriaformosa.gob.ar\/index.php?rest_route=\/wp\/v2\/posts\/16950","targetHints":{"allow":["GET"]}}],"collection":[{"href":"https:\/\/defensoriaformosa.gob.ar\/index.php?rest_route=\/wp\/v2\/posts"}],"about":[{"href":"https:\/\/defensoriaformosa.gob.ar\/index.php?rest_route=\/wp\/v2\/types\/post"}],"author":[{"embeddable":true,"href":"https:\/\/defensoriaformosa.gob.ar\/index.php?rest_route=\/wp\/v2\/users\/1"}],"replies":[{"embeddable":true,"href":"https:\/\/defensoriaformosa.gob.ar\/index.php?rest_route=%2Fwp%2Fv2%2Fcomments&post=16950"}],"version-history":[{"count":1,"href":"https:\/\/defensoriaformosa.gob.ar\/index.php?rest_route=\/wp\/v2\/posts\/16950\/revisions"}],"predecessor-version":[{"id":16952,"href":"https:\/\/defensoriaformosa.gob.ar\/index.php?rest_route=\/wp\/v2\/posts\/16950\/revisions\/16952"}],"wp:featuredmedia":[{"embeddable":true,"href":"https:\/\/defensoriaformosa.gob.ar\/index.php?rest_route=\/wp\/v2\/media\/16951"}],"wp:attachment":[{"href":"https:\/\/defensoriaformosa.gob.ar\/index.php?rest_route=%2Fwp%2Fv2%2Fmedia&parent=16950"}],"wp:term":[{"taxonomy":"category","embeddable":true,"href":"https:\/\/defensoriaformosa.gob.ar\/index.php?rest_route=%2Fwp%2Fv2%2Fcategories&post=16950"},{"taxonomy":"post_tag","embeddable":true,"href":"https:\/\/defensoriaformosa.gob.ar\/index.php?rest_route=%2Fwp%2Fv2%2Ftags&post=16950"}],"curies":[{"name":"wp","href":"https:\/\/api.w.org\/{rel}","templated":true}]}}